{"id":110897,"date":"2023-12-10T11:15:41","date_gmt":"2023-12-10T17:15:41","guid":{"rendered":"http:\/\/diariodigitalmx.com\/?p=110897"},"modified":"2023-12-10T11:16:31","modified_gmt":"2023-12-10T17:16:31","slug":"alerta-por-enfermedades-respiratorias","status":"publish","type":"post","link":"https:\/\/diariodigitalmx.com\/index.php\/2023\/12\/10\/alerta-por-enfermedades-respiratorias\/","title":{"rendered":"Alerta por enfermedades respiratorias"},"content":{"rendered":"\n<p>Con la llegada de la temporada invernal, un escenario preocupante aparece sobre la salud p\u00fablica. El fr\u00edo trae consigo un alza significativa en la propagaci\u00f3n de enfermedades respiratorias. Expertos revelan que estas afecciones se encuentran en aumento, constituyendo un desaf\u00edo para la poblaci\u00f3n vulnerable.<\/p>\n\n\n\n<p>Seg\u00fan estad\u00edsticas oficiales de la Secretar\u00eda de Salud, durante el a\u00f1o 2022, se registraron alarmantes cifras: 16 millones 118 mil 536 casos de enfermedades respiratorias, adem\u00e1s de 3 millones 195 mil 409 casos de Covid-19. Estas cifras superan en gran medida a otros padecimientos frecuentes, siendo la situaci\u00f3n m\u00e1s apremiante de lo que se esperaba en esta \u00e9poca del a\u00f1o.<\/p>\n\n\n\n<p>\u201cEl invierno no solo trae consigo un clima m\u00e1s fr\u00edo, sino tambi\u00e9n un aumento en la transmisi\u00f3n de diversos virus que hacen crucial que la poblaci\u00f3n est\u00e9 informada y preparada para enfrentar el desaf\u00edo anual, ya que ante la amenaza de otros enfermedades como influenza, virus sincitial respiratorio o Covid es importante contar con mecanismos de prevenci\u00f3n y atenci\u00f3n oportuna para evitar contagios masivos\u201d, se\u00f1ala Paulina Mej\u00eda, Qu\u00edmica Farmac\u00e9utica Bi\u00f3loga (QFB) de Kabla, empresa l\u00edder en distribuci\u00f3n de pruebas diagn\u00f3sticas.<\/p>\n\n\n\n<p>En este contexto, Kabla se suma a la discusi\u00f3n para concientizar sobre lo importante de priorizar la atenci\u00f3n en los grupos vulnerables, como las personas de la tercera edad, ni\u00f1os y personas con condiciones preexistentes de salud como diabetes, hipertensi\u00f3n y obesidad, ya que son m\u00e1s susceptibles a las complicaciones de las enfermedades virales. Entre las enfermedades que merecen especial atenci\u00f3n se encuentran:<br>\u2022 Influenza<br>\u2022 Neumon\u00eda viral<br>\u2022 COVID-19<\/p>\n","protected":false},"excerpt":{"rendered":"<p>Con la llegada de la temporada invernal, un escenario preocupante aparece sobre la salud p\u00fablica. El fr\u00edo trae consigo un alza significativa en la propagaci\u00f3n de enfermedades respiratorias. Expertos revelan que estas afecciones se encuentran en aumento, constituyendo un desaf\u00edo para la poblaci\u00f3n vulnerable. Seg\u00fan estad\u00edsticas oficiales de la Secretar\u00eda de Salud, durante el a\u00f1o [&hellip;]<\/p>\n","protected":false},"author":1,"featured_media":110899,"comment_status":"open","ping_status":"open","sticky":true,"template":"","format":"standard","meta":{"footnotes":""},"categories":[14,16],"tags":[],"_links":{"self":[{"href":"https:\/\/diariodigitalmx.com\/index.php\/wp-json\/wp\/v2\/posts\/110897"}],"collection":[{"href":"https:\/\/diariodigitalmx.com\/index.php\/wp-json\/wp\/v2\/posts"}],"about":[{"href":"https:\/\/diariodigitalmx.com\/index.php\/wp-json\/wp\/v2\/types\/post"}],"author":[{"embeddable":true,"href":"https:\/\/diariodigitalmx.com\/index.php\/wp-json\/wp\/v2\/users\/1"}],"replies":[{"embeddable":true,"href":"https:\/\/diariodigitalmx.com\/index.php\/wp-json\/wp\/v2\/comments?post=110897"}],"version-history":[{"count":1,"href":"https:\/\/diariodigitalmx.com\/index.php\/wp-json\/wp\/v2\/posts\/110897\/revisions"}],"predecessor-version":[{"id":110898,"href":"https:\/\/diariodigitalmx.com\/index.php\/wp-json\/wp\/v2\/posts\/110897\/revisions\/110898"}],"wp:featuredmedia":[{"embeddable":true,"href":"https:\/\/diariodigitalmx.com\/index.php\/wp-json\/wp\/v2\/media\/110899"}],"wp:attachment":[{"href":"https:\/\/diariodigitalmx.com\/index.php\/wp-json\/wp\/v2\/media?parent=110897"}],"wp:term":[{"taxonomy":"category","embeddable":true,"href":"https:\/\/diariodigitalmx.com\/index.php\/wp-json\/wp\/v2\/categories?post=110897"},{"taxonomy":"post_tag","embeddable":true,"href":"https:\/\/diariodigitalmx.com\/index.php\/wp-json\/wp\/v2\/tags?post=110897"}],"curies":[{"name":"wp","href":"https:\/\/api.w.org\/{rel}","templated":true}]}}