{"id":110926,"date":"2023-12-10T22:15:36","date_gmt":"2023-12-11T04:15:36","guid":{"rendered":"http:\/\/diariodigitalmx.com\/?p=110926"},"modified":"2023-12-10T22:17:26","modified_gmt":"2023-12-11T04:17:26","slug":"muere-corredor-tras-terminar-maraton","status":"publish","type":"post","link":"https:\/\/diariodigitalmx.com\/index.php\/2023\/12\/10\/muere-corredor-tras-terminar-maraton\/","title":{"rendered":"Muere corredor tras terminar marat\u00f3n"},"content":{"rendered":"\n<figure class=\"wp-block-image size-full\"><img loading=\"lazy\" decoding=\"async\" width=\"672\" height=\"641\" src=\"http:\/\/diariodigitalmx.com\/wp-content\/uploads\/2023\/12\/IMG_20231210_221429_118.webp\" alt=\"\" class=\"wp-image-110931\" srcset=\"https:\/\/diariodigitalmx.com\/wp-content\/uploads\/2023\/12\/IMG_20231210_221429_118.webp 672w, https:\/\/diariodigitalmx.com\/wp-content\/uploads\/2023\/12\/IMG_20231210_221429_118-300x286.webp 300w\" sizes=\"(max-width: 672px) 100vw, 672px\" \/><\/figure>\n\n\n\n<p>Monterrey . &#8211; Un corredor originario del estado de Quer\u00e9taro que particip\u00f3 en el Marat\u00f3n Monterrey 2023 falleci\u00f3 tras cruzar la meta.<\/p>\n\n\n\n<p>Fue identificado por los organizadores del evento como Juan Mendoza Luna, de 49 a\u00f1os, quien se desplom\u00f3 al cruzar la meta ubicada en el Parque Fundidora.<\/p>\n\n\n\n<p>Tras desplomarse recibi\u00f3 los primeros auxilios del personal m\u00e9dico presente, para posteriormente ser trasladado a la cl\u00ednica 2 del IMSS ubicada a metros del lugar, donde falleci\u00f3 poco despu\u00e9s.<\/p>\n\n\n\n<p>La organizaci\u00f3n lament\u00f3 el deceso e inform\u00f3 que el seguro de vida del Marat\u00f3n se har\u00e1 cargo de los gastos funerarios.<\/p>\n\n\n\n<p>Mendoza ten\u00eda una amplia trayectoria en los Maratones a nivel nacional y concluy\u00f3 su \u00faltimo recorrido en tres horas, tres minutos y siete segundos.<\/p>\n\n\n\n<p>La salida y la meta se encuentran ubicadas dentro del Parque Fundidora y en trayecto del marat\u00f3n abarca los municipios de Monterrey y San Pedro Garza Garc\u00eda.<\/p>\n\n\n\n<p>En la justa deportiva participaron m\u00e1s de 7 mil 500 corredores.<\/p>\n\n\n\n<p><\/p>\n","protected":false},"excerpt":{"rendered":"<p>Monterrey . &#8211; Un corredor originario del estado de Quer\u00e9taro que particip\u00f3 en el Marat\u00f3n Monterrey 2023 falleci\u00f3 tras cruzar la meta. Fue identificado por los organizadores del evento como Juan Mendoza Luna, de 49 a\u00f1os, quien se desplom\u00f3 al cruzar la meta ubicada en el Parque Fundidora. Tras desplomarse recibi\u00f3 los primeros auxilios del [&hellip;]<\/p>\n","protected":false},"author":1,"featured_media":110928,"comment_status":"open","ping_status":"open","sticky":true,"template":"","format":"standard","meta":{"footnotes":""},"categories":[8,3],"tags":[],"_links":{"self":[{"href":"https:\/\/diariodigitalmx.com\/index.php\/wp-json\/wp\/v2\/posts\/110926"}],"collection":[{"href":"https:\/\/diariodigitalmx.com\/index.php\/wp-json\/wp\/v2\/posts"}],"about":[{"href":"https:\/\/diariodigitalmx.com\/index.php\/wp-json\/wp\/v2\/types\/post"}],"author":[{"embeddable":true,"href":"https:\/\/diariodigitalmx.com\/index.php\/wp-json\/wp\/v2\/users\/1"}],"replies":[{"embeddable":true,"href":"https:\/\/diariodigitalmx.com\/index.php\/wp-json\/wp\/v2\/comments?post=110926"}],"version-history":[{"count":3,"href":"https:\/\/diariodigitalmx.com\/index.php\/wp-json\/wp\/v2\/posts\/110926\/revisions"}],"predecessor-version":[{"id":110932,"href":"https:\/\/diariodigitalmx.com\/index.php\/wp-json\/wp\/v2\/posts\/110926\/revisions\/110932"}],"wp:featuredmedia":[{"embeddable":true,"href":"https:\/\/diariodigitalmx.com\/index.php\/wp-json\/wp\/v2\/media\/110928"}],"wp:attachment":[{"href":"https:\/\/diariodigitalmx.com\/index.php\/wp-json\/wp\/v2\/media?parent=110926"}],"wp:term":[{"taxonomy":"category","embeddable":true,"href":"https:\/\/diariodigitalmx.com\/index.php\/wp-json\/wp\/v2\/categories?post=110926"},{"taxonomy":"post_tag","embeddable":true,"href":"https:\/\/diariodigitalmx.com\/index.php\/wp-json\/wp\/v2\/tags?post=110926"}],"curies":[{"name":"wp","href":"https:\/\/api.w.org\/{rel}","templated":true}]}}