{"id":110939,"date":"2023-12-11T00:25:16","date_gmt":"2023-12-11T06:25:16","guid":{"rendered":"http:\/\/diariodigitalmx.com\/?p=110939"},"modified":"2023-12-11T00:27:40","modified_gmt":"2023-12-11T06:27:40","slug":"los-libros-de-la-semana-5","status":"publish","type":"post","link":"https:\/\/diariodigitalmx.com\/index.php\/2023\/12\/11\/los-libros-de-la-semana-5\/","title":{"rendered":"Los libros de la semana"},"content":{"rendered":"\n<p>Gerson G\u00f3mez Salas <\/p>\n\n\n\n<p>M\u00e9xico, \u00bfsocio estrat\u00e9gico del Tercer Reich? de Juan Alberto Cedillo<br>Durante la Segunda Guerra Mundial la Rep\u00fablica Mexicana contribuy\u00f3 a alimentar la insaciable maquinaria de guerra del Tercer Reich con toneladas de materias primas y metales estrat\u00e9gicos que fueron enviados primero legal y posteriormente de contrabando a trav\u00e9s de los puertos de Veracruz y Tampico. La in\u00e9dita colaboraci\u00f3n entre el presidente nacionalista L\u00e1zaro C\u00e1rdenas del R\u00edo y el canciller Adolfo Hitler se fragu\u00f3 desde meses antes de que en M\u00e9xico se decretara la expropiaci\u00f3n petrolera.<\/p>\n\n\n\n<figure class=\"wp-block-image size-large is-resized\"><img loading=\"lazy\" decoding=\"async\" width=\"668\" height=\"1024\" src=\"http:\/\/diariodigitalmx.com\/wp-content\/uploads\/2023\/12\/Captura-de-pantalla-2023-09-28-a-las-12.44.10-668x1024.jpg\" alt=\"\" class=\"wp-image-110945\" style=\"width:319px;height:auto\" srcset=\"https:\/\/diariodigitalmx.com\/wp-content\/uploads\/2023\/12\/Captura-de-pantalla-2023-09-28-a-las-12.44.10-668x1024.jpg 668w, https:\/\/diariodigitalmx.com\/wp-content\/uploads\/2023\/12\/Captura-de-pantalla-2023-09-28-a-las-12.44.10-196x300.jpg 196w, https:\/\/diariodigitalmx.com\/wp-content\/uploads\/2023\/12\/Captura-de-pantalla-2023-09-28-a-las-12.44.10-768x1176.jpg 768w, https:\/\/diariodigitalmx.com\/wp-content\/uploads\/2023\/12\/Captura-de-pantalla-2023-09-28-a-las-12.44.10-1003x1536.jpg 1003w, https:\/\/diariodigitalmx.com\/wp-content\/uploads\/2023\/12\/Captura-de-pantalla-2023-09-28-a-las-12.44.10.jpg 1226w\" sizes=\"(max-width: 668px) 100vw, 668px\" \/><\/figure>\n\n\n\n<p>100 a\u00f1os de la radio. La historia contada por los protagonistas de Nuevo Le\u00f3n.<\/p>\n\n\n\n<p>Los an\u00e1lisis en torno a los medios de comunicaci\u00f3n han vislumbrado la muerte de la radio en diferentes ocasiones. Y no s\u00f3lo los an\u00e1lisis, The Buggles, desde los 80, populariz\u00f3 la premisa de que el video hab\u00eda matado a la estrella de la radio. Parad\u00f3jicamente, en el marco de los cien a\u00f1os de su fundaci\u00f3n, no resulta impreciso afirmar que la radio est\u00e1 m\u00e1s viva que nunca y en un proceso de readaptaci\u00f3n a nuevas tecnolog\u00edas y audiencias.<br>Para entender el surgimiento, el auge y las adversidades sorteadas durante estos cien a\u00f1os de existencia, presentamos una serie de testimonios de los personajes que han forjado la historia de la radio en Nuevo Le\u00f3n. Siendo coherente con la caracter\u00edstica tradicional del medio -la voz-, esta es una historia oral de las estaciones, personajes, t\u00f3picos, programas y audiencias, que refleja la pluralidad de voces y visiones que han coexistido estos cien a\u00f1os.<br>\u00bfC\u00f3mo repensar la vigencia de la radio? \u00bfC\u00f3mo evaluar su relevancia como medio de comunicaci\u00f3n de masas en el siglo XX y su rol en el siglo XXI? De entrada, a trav\u00e9s de la historia. La radio no ha muerto; vive, sobre todo, en las palabras que conforman estos testimonios.<\/p>\n\n\n\n<figure class=\"wp-block-image size-full\"><img loading=\"lazy\" decoding=\"async\" width=\"334\" height=\"512\" src=\"http:\/\/diariodigitalmx.com\/wp-content\/uploads\/2023\/12\/1696022047_cover.jpg\" alt=\"\" class=\"wp-image-110946\" srcset=\"https:\/\/diariodigitalmx.com\/wp-content\/uploads\/2023\/12\/1696022047_cover.jpg 334w, https:\/\/diariodigitalmx.com\/wp-content\/uploads\/2023\/12\/1696022047_cover-196x300.jpg 196w\" sizes=\"(max-width: 334px) 100vw, 334px\" \/><\/figure>\n\n\n\n<p>Diccionario de creencias y tradici\u00f3n oral de Nuevo Le\u00f3n de Lilia Ver\u00f3nica Alan\u00eds Loera y Juan Crist\u00f3bal L\u00f3pez Carrera<\/p>\n\n\n\n<p>Este texto busca difundir un componente de nuestra historia y cultura: la tradici\u00f3n oral. Re\u00fane de manera concisa una serie de creencias m\u00e1gico-religiosas y costumbres de la poblaci\u00f3n campesina. Tiene un acceso alfab\u00e9tico e incluye, de cada concepto, una s\u00edntesis y descripci\u00f3n derivadas del contexto regional: cada noci\u00f3n se ejemplifica y complementa con testimonios, historias, fragmentos de l\u00edrica popular y citas de publicaciones. En el desarrollo de la obra se sigue la l\u00f3gica de la mentalidad popular, aun cuando muchas de las referencias y garantes de esta parezcan inveros\u00edmiles pero que, en su conjunto, muestran la rica tradici\u00f3n de nuestra gente.<\/p>\n\n\n\n<figure class=\"wp-block-image size-full\"><img loading=\"lazy\" decoding=\"async\" width=\"333\" height=\"512\" src=\"http:\/\/diariodigitalmx.com\/wp-content\/uploads\/2023\/12\/1701970074_cover.jpg\" alt=\"\" class=\"wp-image-110949\" srcset=\"https:\/\/diariodigitalmx.com\/wp-content\/uploads\/2023\/12\/1701970074_cover.jpg 333w, https:\/\/diariodigitalmx.com\/wp-content\/uploads\/2023\/12\/1701970074_cover-195x300.jpg 195w\" sizes=\"(max-width: 333px) 100vw, 333px\" \/><\/figure>\n\n\n\n<p>El Secreto est\u00e1 en mi Casa de Patricia Salazar Marroqu\u00edn<\/p>\n\n\n\n<p>&#8220;En El SECRETO est\u00e1 en mi CASA, Patricia Salazar ahonda y al propio tiempo circunda con prudencia los asuntos m\u00e1s complejos que ata\u00f1en a la sociedad actual; no absolutiza ni generaliza, sin embargo, deja en claro que las pol\u00edticas p\u00fablicas enfocadas en la familia y la prevenci\u00f3n social necesitan de una resuelta evoluci\u00f3n&#8221;, escribe en el pr\u00f3logo la ex ministra de la SCJN, la dra. Olga S\u00e1nchez Cordero. Con este breve p\u00e1rrafo, ahonda en la tem\u00e1tica del libro: la familia, la prevenci\u00f3n del delito, la necesidad de la comunicaci\u00f3n hacia adentro y no fragmentada por los dispositivos electr\u00f3nicos. En este libro se encontrar\u00e1n medidas e ideas para tratar, desde la prevenci\u00f3n en el n\u00facleo familiar, con ese gran l\u00e1tigo de la sociedad contempor\u00e1nea: la violencia.<\/p>\n","protected":false},"excerpt":{"rendered":"<p>Gerson G\u00f3mez Salas M\u00e9xico, \u00bfsocio estrat\u00e9gico del Tercer Reich? de Juan Alberto CedilloDurante la Segunda Guerra Mundial la Rep\u00fablica Mexicana contribuy\u00f3 a alimentar la insaciable maquinaria de guerra del Tercer Reich con toneladas de materias primas y metales estrat\u00e9gicos que fueron enviados primero legal y posteriormente de contrabando a trav\u00e9s de los puertos de Veracruz [&hellip;]<\/p>\n","protected":false},"author":1,"featured_media":110941,"comment_status":"open","ping_status":"open","sticky":true,"template":"","format":"standard","meta":{"footnotes":""},"categories":[11,14],"tags":[],"_links":{"self":[{"href":"https:\/\/diariodigitalmx.com\/index.php\/wp-json\/wp\/v2\/posts\/110939"}],"collection":[{"href":"https:\/\/diariodigitalmx.com\/index.php\/wp-json\/wp\/v2\/posts"}],"about":[{"href":"https:\/\/diariodigitalmx.com\/index.php\/wp-json\/wp\/v2\/types\/post"}],"author":[{"embeddable":true,"href":"https:\/\/diariodigitalmx.com\/index.php\/wp-json\/wp\/v2\/users\/1"}],"replies":[{"embeddable":true,"href":"https:\/\/diariodigitalmx.com\/index.php\/wp-json\/wp\/v2\/comments?post=110939"}],"version-history":[{"count":5,"href":"https:\/\/diariodigitalmx.com\/index.php\/wp-json\/wp\/v2\/posts\/110939\/revisions"}],"predecessor-version":[{"id":110950,"href":"https:\/\/diariodigitalmx.com\/index.php\/wp-json\/wp\/v2\/posts\/110939\/revisions\/110950"}],"wp:featuredmedia":[{"embeddable":true,"href":"https:\/\/diariodigitalmx.com\/index.php\/wp-json\/wp\/v2\/media\/110941"}],"wp:attachment":[{"href":"https:\/\/diariodigitalmx.com\/index.php\/wp-json\/wp\/v2\/media?parent=110939"}],"wp:term":[{"taxonomy":"category","embeddable":true,"href":"https:\/\/diariodigitalmx.com\/index.php\/wp-json\/wp\/v2\/categories?post=110939"},{"taxonomy":"post_tag","embeddable":true,"href":"https:\/\/diariodigitalmx.com\/index.php\/wp-json\/wp\/v2\/tags?post=110939"}],"curies":[{"name":"wp","href":"https:\/\/api.w.org\/{rel}","templated":true}]}}