{"id":111053,"date":"2023-12-13T00:03:53","date_gmt":"2023-12-13T06:03:53","guid":{"rendered":"http:\/\/diariodigitalmx.com\/?p=111053"},"modified":"2023-12-13T00:05:45","modified_gmt":"2023-12-13T06:05:45","slug":"el-cultivo-de-la-personalidad","status":"publish","type":"post","link":"https:\/\/diariodigitalmx.com\/index.php\/2023\/12\/13\/el-cultivo-de-la-personalidad\/","title":{"rendered":"El cultivo de la personalidad"},"content":{"rendered":"\n<p>Gerson G\u00f3mez Salas <\/p>\n\n\n\n<p>Autonombrarse no te convierte en docente. Tampoco publicar con regularidad en periodista. Menos santiguarse frente a Catedral.<\/p>\n\n\n\n<p>Los profesionistas de la comunicaci\u00f3n debemos ser concisos, claros y concretos. Jam\u00e1s pasar al aro del amarillismo o del sensacionalismo.<\/p>\n\n\n\n<p>Nuestra naturaleza implica pulcritud, limpieza y h\u00e1bitos intachables. Emp\u00e1ticos con quienes la justicia los ignora. Los juicios sumarios solo se tramitan en los tribunales. Dar coscorrones en la portada del medio, en las notas de ocho por consigna, solo sucede para los bravucones, a los cobradores en las oficinas de comunicaci\u00f3n social.<\/p>\n\n\n\n<p>El idealismo de la m\u00e1s antigua profesi\u00f3n del mundo se sostiene con pinzas. La decencia pierde brillo en un santiam\u00e9n. Colocar sobrenombres, im\u00e1genes infamantes y despu\u00e9s una errata deja al descubierto el culto a la personalidad de los comunicadores.<\/p>\n\n\n\n<p>Nunca y jam\u00e1s reintegra la posibilidad de resarcir. Destruye los sentimientos nobles de una sociedad convulsionada.<\/p>\n\n\n\n<p>Sacar brillo a los zapatos de los zalameros es pecata minuta. Alimento para las aves carro\u00f1eras. Debajo del sol los ciclos repiten las estaciones. Hoy estamos. Ma\u00f1ana no. Queda en las p\u00e1ginas marcadas el legado de porquer\u00eda.<\/p>\n\n\n\n<p>Tan dif\u00edcil asomar el nombre, apellido y dignidad. Vamos a un a\u00f1o dif\u00edcil. Los rastrilladores de esti\u00e9rcol, en televisi\u00f3n, internet, impresos y radiof\u00f3nicos saben la f\u00f3rmula m\u00e1gica de la recapitulaci\u00f3n de cad\u00e1veres personales en los armarios.<\/p>\n\n\n\n<p>Decir no gracias, a sus campa\u00f1as de productos electorales.<\/p>\n","protected":false},"excerpt":{"rendered":"<p>Gerson G\u00f3mez Salas Autonombrarse no te convierte en docente. Tampoco publicar con regularidad en periodista. Menos santiguarse frente a Catedral. Los profesionistas de la comunicaci\u00f3n debemos ser concisos, claros y concretos. Jam\u00e1s pasar al aro del amarillismo o del sensacionalismo. Nuestra naturaleza implica pulcritud, limpieza y h\u00e1bitos intachables. Emp\u00e1ticos con quienes la justicia los ignora. [&hellip;]<\/p>\n","protected":false},"author":1,"featured_media":111055,"comment_status":"open","ping_status":"open","sticky":true,"template":"","format":"standard","meta":{"footnotes":""},"categories":[14,12],"tags":[],"_links":{"self":[{"href":"https:\/\/diariodigitalmx.com\/index.php\/wp-json\/wp\/v2\/posts\/111053"}],"collection":[{"href":"https:\/\/diariodigitalmx.com\/index.php\/wp-json\/wp\/v2\/posts"}],"about":[{"href":"https:\/\/diariodigitalmx.com\/index.php\/wp-json\/wp\/v2\/types\/post"}],"author":[{"embeddable":true,"href":"https:\/\/diariodigitalmx.com\/index.php\/wp-json\/wp\/v2\/users\/1"}],"replies":[{"embeddable":true,"href":"https:\/\/diariodigitalmx.com\/index.php\/wp-json\/wp\/v2\/comments?post=111053"}],"version-history":[{"count":2,"href":"https:\/\/diariodigitalmx.com\/index.php\/wp-json\/wp\/v2\/posts\/111053\/revisions"}],"predecessor-version":[{"id":111056,"href":"https:\/\/diariodigitalmx.com\/index.php\/wp-json\/wp\/v2\/posts\/111053\/revisions\/111056"}],"wp:featuredmedia":[{"embeddable":true,"href":"https:\/\/diariodigitalmx.com\/index.php\/wp-json\/wp\/v2\/media\/111055"}],"wp:attachment":[{"href":"https:\/\/diariodigitalmx.com\/index.php\/wp-json\/wp\/v2\/media?parent=111053"}],"wp:term":[{"taxonomy":"category","embeddable":true,"href":"https:\/\/diariodigitalmx.com\/index.php\/wp-json\/wp\/v2\/categories?post=111053"},{"taxonomy":"post_tag","embeddable":true,"href":"https:\/\/diariodigitalmx.com\/index.php\/wp-json\/wp\/v2\/tags?post=111053"}],"curies":[{"name":"wp","href":"https:\/\/api.w.org\/{rel}","templated":true}]}}