{"id":111078,"date":"2023-12-13T18:51:55","date_gmt":"2023-12-14T00:51:55","guid":{"rendered":"http:\/\/diariodigitalmx.com\/?p=111078"},"modified":"2023-12-13T18:52:42","modified_gmt":"2023-12-14T00:52:42","slug":"el-estilo-de-hacer-politica-en-nl-oposicion-y-gobierno","status":"publish","type":"post","link":"https:\/\/diariodigitalmx.com\/index.php\/2023\/12\/13\/el-estilo-de-hacer-politica-en-nl-oposicion-y-gobierno\/","title":{"rendered":"El estilo de hacer pol\u00edtica en NL; oposici\u00f3n y gobierno"},"content":{"rendered":"\n<p>Samuel Garc\u00eda y la oposici\u00f3n mantienen su narrativa, la de siempre, el primero de ofender verbalmente y a trav\u00e9s de videos, y los opositores, a rechazar las acusaciones y culpar al gobernador de los males.<\/p>\n\n\n\n<p>&#8220;Estos miserables del PRI y el PAN acaban de votar subir los prediales de Guadalupe, Cristina D\u00edaz del PRI; Francisco Trevi\u00f1o, del PRI, de Ju\u00e1rez; C\u00e9sar Garza, del PRI, de Apodaca, y ahorita me van a mandar toda la lista&#8221;, acus\u00f3 Garc\u00eda.<\/p>\n\n\n\n<p>Sin embargo, para ello, es el Congreso quien debe autorizar esa alza y los legisladores no han visto ese asunto, por lo que no hay nada en la c\u00e1mara local.<\/p>\n\n\n\n<p>&#8220;Estos vatos quieren subir los impuestos, los prediales de los municipios del PRIAN.Se les olvid\u00f3 que esas leyes yo las puedo vetar, entonces, a toda mi racita de Guadalupe, de Ju\u00e1rez, de Apodaca, de San Nico, de San Pedro,vhoy va su regalo de Navidad: les voy a vetar a los Diputados del PRIAN esas leyes de ingresos y no van a subir ni un Peso de impuestos&#8221;.<\/p>\n\n\n\n<p>Y volvi\u00f3 a lo de siempre:<br>&#8220;Es mejor ese dinero en su bolsa, para su familia, que el Paco (Francisco Cienfuegos, del PRI), el Chefo (Zeferino Salgado, del PAN) y esos bandidos que est\u00e1n todos encarpetados en la FGR\u2026 prefiero que ustedes se lo queden, a que se lo roben esta mafia del PRIAN&#8221;.<\/p>\n\n\n\n<p>&#8220;(Son) corruptos y ratas, ay\u00fadenme a sacarlos del Congreso en junio de 2024&#8221;, expres\u00f3.<\/p>\n\n\n\n<p>EL GOBIERNO AUMENTO LA TARIFA DEL AGUA<\/p>\n\n\n\n<p>A su vez, el Alcalde de Apodaca, C\u00e9sar Garza, neg\u00f3 el alza al predial.<\/p>\n\n\n\n<p>&#8220;Es FALSO lo que usted informa a la comunidad , Apodaca NO ha aumentado el impuesto predial en 5 a\u00f1os a las casas habitaci\u00f3n de nuestra Ciudad&#8221;, se\u00f1al\u00f3.<\/p>\n\n\n\n<p>&#8220;Por otro lado, lo CIERTO es que SU Gobierno ha aumentado el Agua potable, estamos pagando el agua m\u00e1s cara de la historia , hoy que tenemos el peor servicio de la historia&#8221;, agreg\u00f3.<\/p>\n\n\n\n<p>&#8220;Su pol\u00edtica TARIFARIA del p\u00e9simo transporte p\u00fablico , ha afectado quitando el derecho de transbordo a miles de los sectores m\u00e1s populares de Nuevo Le\u00f3n&#8221;, acus\u00f3.<\/p>\n\n\n\n<p>&#8220;Y el Impuesto VERDE que usted propuso , ha encarecido la vivienda popular para convertirnos en el estado m\u00e1s caro de la Rep\u00fablica y la contaminaci\u00f3n est\u00e1 en niveles hist\u00f3ricos&#8221;.<\/p>\n","protected":false},"excerpt":{"rendered":"<p>Samuel Garc\u00eda y la oposici\u00f3n mantienen su narrativa, la de siempre, el primero de ofender verbalmente y a trav\u00e9s de videos, y los opositores, a rechazar las acusaciones y culpar al gobernador de los males. &#8220;Estos miserables del PRI y el PAN acaban de votar subir los prediales de Guadalupe, Cristina D\u00edaz del PRI; Francisco [&hellip;]<\/p>\n","protected":false},"author":1,"featured_media":111080,"comment_status":"open","ping_status":"open","sticky":true,"template":"","format":"standard","meta":{"footnotes":""},"categories":[6,3],"tags":[],"_links":{"self":[{"href":"https:\/\/diariodigitalmx.com\/index.php\/wp-json\/wp\/v2\/posts\/111078"}],"collection":[{"href":"https:\/\/diariodigitalmx.com\/index.php\/wp-json\/wp\/v2\/posts"}],"about":[{"href":"https:\/\/diariodigitalmx.com\/index.php\/wp-json\/wp\/v2\/types\/post"}],"author":[{"embeddable":true,"href":"https:\/\/diariodigitalmx.com\/index.php\/wp-json\/wp\/v2\/users\/1"}],"replies":[{"embeddable":true,"href":"https:\/\/diariodigitalmx.com\/index.php\/wp-json\/wp\/v2\/comments?post=111078"}],"version-history":[{"count":1,"href":"https:\/\/diariodigitalmx.com\/index.php\/wp-json\/wp\/v2\/posts\/111078\/revisions"}],"predecessor-version":[{"id":111079,"href":"https:\/\/diariodigitalmx.com\/index.php\/wp-json\/wp\/v2\/posts\/111078\/revisions\/111079"}],"wp:featuredmedia":[{"embeddable":true,"href":"https:\/\/diariodigitalmx.com\/index.php\/wp-json\/wp\/v2\/media\/111080"}],"wp:attachment":[{"href":"https:\/\/diariodigitalmx.com\/index.php\/wp-json\/wp\/v2\/media?parent=111078"}],"wp:term":[{"taxonomy":"category","embeddable":true,"href":"https:\/\/diariodigitalmx.com\/index.php\/wp-json\/wp\/v2\/categories?post=111078"},{"taxonomy":"post_tag","embeddable":true,"href":"https:\/\/diariodigitalmx.com\/index.php\/wp-json\/wp\/v2\/tags?post=111078"}],"curies":[{"name":"wp","href":"https:\/\/api.w.org\/{rel}","templated":true}]}}