{"id":111081,"date":"2023-12-13T21:18:43","date_gmt":"2023-12-14T03:18:43","guid":{"rendered":"http:\/\/diariodigitalmx.com\/?p=111081"},"modified":"2023-12-13T21:19:27","modified_gmt":"2023-12-14T03:19:27","slug":"nl-crisis-politica","status":"publish","type":"post","link":"https:\/\/diariodigitalmx.com\/index.php\/2023\/12\/13\/nl-crisis-politica\/","title":{"rendered":"NL: crisis pol\u00edtica"},"content":{"rendered":"\n<p><br>*El fondo para Alcaldes tu lo estableciste en la Ley, Samuel; dejaste fuera a MC, revira Acci\u00f3n Nacional<\/p>\n\n\n\n<p>El Edil de San Nicol\u00e1s de los Garza, Daniel Carrillo acus\u00f3 que fue el propio gobernador Samuel Garc\u00eda, quien decidi\u00f3 dejar fuera del fondo de dos mil 500 millones de pesos a los Alcaldes de Movimiento Ciudadano.<\/p>\n\n\n\n<p>En la pol\u00e9mica que tiene un a\u00f1o sobre el tema y donde el gobernador ha retenido los recursos establecidos en la ley, a los ediles del PRI, PAN, Morena, Verde e Independientes, Carrillo le record\u00f3 en un video al gobernador que fue en su propia casa donde decidi\u00f3 dejar fuera a los de MC.<\/p>\n\n\n\n<p>Revel\u00f3 que ah\u00ed, pidi\u00f3 ayuda para sacar el Presupuesto 2023 ya iniciado el a\u00f1o, y se incluy\u00f3 en la ley.<\/p>\n\n\n\n<p>&#8220;Se\u00f1alas que es un Fondo ilegal, te recuerdo que t\u00fa enviaste la iniciativa de Ley de Egresos y ah\u00ed viene ese Fondo&#8221;, indica Carrillo.<\/p>\n\n\n\n<p>&#8220;Dices que es el fondo PRIAN, porque as\u00ed lo bautizaste, ese fondo t\u00fa lo estableciste para Alcaldes del PRI, del PAN, independientes, de Morena y Verde, y dejaste fuera a MC porque en tu casa, cuando ya hab\u00eda pasado el plazo y nos pediste apoyar para tener un Presupuesto de Egresos, t\u00fa quedaste de dejar fuera a los Alcaldes de MC&#8221;, agrega.<\/p>\n\n\n\n<p>El Edil de San Nicol\u00e1s dijo que seguir\u00e1n por la v\u00eda legal peleando los recursos que est\u00e1n destinados a obras.<\/p>\n\n\n\n<p>&#8220;Todas las asignaciones est\u00e1n aprobadas por ley, ese recurso tiene una etiqueta y solamente puede ir destinado a las obras de los municipios. As\u00ed que, si quieres reutilizar o reubicar, necesitas pedirle permiso al Congreso&#8221;.<\/p>\n\n\n\n<p>&#8220;Ay, Samuel, bien dec\u00eda Brozo que tienes un talento para decir tonteras&#8221;, destac\u00f3.<\/p>\n","protected":false},"excerpt":{"rendered":"<p>*El fondo para Alcaldes tu lo estableciste en la Ley, Samuel; dejaste fuera a MC, revira Acci\u00f3n Nacional El Edil de San Nicol\u00e1s de los Garza, Daniel Carrillo acus\u00f3 que fue el propio gobernador Samuel Garc\u00eda, quien decidi\u00f3 dejar fuera del fondo de dos mil 500 millones de pesos a los Alcaldes de Movimiento Ciudadano. [&hellip;]<\/p>\n","protected":false},"author":1,"featured_media":111083,"comment_status":"open","ping_status":"open","sticky":true,"template":"","format":"standard","meta":{"footnotes":""},"categories":[14,6],"tags":[],"_links":{"self":[{"href":"https:\/\/diariodigitalmx.com\/index.php\/wp-json\/wp\/v2\/posts\/111081"}],"collection":[{"href":"https:\/\/diariodigitalmx.com\/index.php\/wp-json\/wp\/v2\/posts"}],"about":[{"href":"https:\/\/diariodigitalmx.com\/index.php\/wp-json\/wp\/v2\/types\/post"}],"author":[{"embeddable":true,"href":"https:\/\/diariodigitalmx.com\/index.php\/wp-json\/wp\/v2\/users\/1"}],"replies":[{"embeddable":true,"href":"https:\/\/diariodigitalmx.com\/index.php\/wp-json\/wp\/v2\/comments?post=111081"}],"version-history":[{"count":1,"href":"https:\/\/diariodigitalmx.com\/index.php\/wp-json\/wp\/v2\/posts\/111081\/revisions"}],"predecessor-version":[{"id":111082,"href":"https:\/\/diariodigitalmx.com\/index.php\/wp-json\/wp\/v2\/posts\/111081\/revisions\/111082"}],"wp:featuredmedia":[{"embeddable":true,"href":"https:\/\/diariodigitalmx.com\/index.php\/wp-json\/wp\/v2\/media\/111083"}],"wp:attachment":[{"href":"https:\/\/diariodigitalmx.com\/index.php\/wp-json\/wp\/v2\/media?parent=111081"}],"wp:term":[{"taxonomy":"category","embeddable":true,"href":"https:\/\/diariodigitalmx.com\/index.php\/wp-json\/wp\/v2\/categories?post=111081"},{"taxonomy":"post_tag","embeddable":true,"href":"https:\/\/diariodigitalmx.com\/index.php\/wp-json\/wp\/v2\/tags?post=111081"}],"curies":[{"name":"wp","href":"https:\/\/api.w.org\/{rel}","templated":true}]}}