{"id":111093,"date":"2023-12-13T22:16:34","date_gmt":"2023-12-14T04:16:34","guid":{"rendered":"http:\/\/diariodigitalmx.com\/?p=111093"},"modified":"2023-12-13T22:17:16","modified_gmt":"2023-12-14T04:17:16","slug":"la-nina-extorsionada-por-telefono-se-asusta-y-esconde-por-horas-en-un-monte","status":"publish","type":"post","link":"https:\/\/diariodigitalmx.com\/index.php\/2023\/12\/13\/la-nina-extorsionada-por-telefono-se-asusta-y-esconde-por-horas-en-un-monte\/","title":{"rendered":"La ni\u00f1a extorsionada por tel\u00e9fono, se asusta y esconde por horas en un monte"},"content":{"rendered":"\n<p>Monterrey. &#8211; Una ni\u00f1a de 9 a\u00f1os de edad recibi\u00f3 una llamada telef\u00f3nica de extorsi\u00f3n,se asust\u00f3, se escondi\u00f3 en un monte, las autoridades activaron la Alerta Amber, y fue encontrada horas despu\u00e9s.<\/p>\n\n\n\n<p>Todo inici\u00f3 antes de las 10:30 horas cuando Taylor Paulett Flores Alvarado, recibi\u00f3 una llamada a su tel\u00e9fono celular, donde un hombre le dec\u00eda que hiciera lo que le ordenara porque ten\u00eda en su poder a su mam\u00e1, y si no lo hac\u00eda, la da\u00f1ar\u00eda.<\/p>\n\n\n\n<p>De acuerdo a lo relatado a los agentes Ministeriales, tras la llamada, se asust\u00f3 y sali\u00f3 de su casa ubicada en la calle Lomas de Marruecos, en la Colonia Lomas de la Paz, en el municipio de Apodaca, al norte de la zona metropolitana regiomontana.<\/p>\n\n\n\n<p>Ella sali\u00f3 de la casa acompa\u00f1ada de su hermana de 5 a\u00f1os de edad, pero \u00e9sta regres\u00f3 a casa casi de inmediato.<\/p>\n\n\n\n<p>Asustada por las amenazas que le hac\u00eda por tel\u00e9fono un hombre, la menor se escondi\u00f3 en un monte cercano a su casa.<\/p>\n\n\n\n<p>Por varias horas, desde las 10:30 horas y hasta cerca de las 17:00 horas estuvo escondida, pero luego escuch\u00f3 que a trav\u00e9s de los parlantes de las patrullas, la polic\u00eda le buscaba.<\/p>\n\n\n\n<p>Para ello, desde temprano se activ\u00f3 la Alerta Amber.<\/p>\n\n\n\n<p>Con la seguridad de que eran polic\u00edas los que le buscaban, sali\u00f3 del escondite y observ\u00f3 a uno de sus t\u00edos que acompa\u00f1aba a los uniformados.<\/p>\n\n\n\n<p>Familiares, vecinos, polic\u00edas municipales, ministeriales y de la Comisi\u00f3n Local de B\u00fasqueda de Personas, entre otras corporaciones hab\u00edan desplegado un operativo de b\u00fasqueda.<\/p>\n\n\n\n<p>La polic\u00eda dijo que todo se trat\u00f3 de la llamada de un extorsionador y nadie sali\u00f3 lastimado, por lo que, la ni\u00f1a fue entregada a sus familiares, mientras se desactiv\u00f3 la Alerta Amber.<\/p>\n","protected":false},"excerpt":{"rendered":"<p>Monterrey. &#8211; Una ni\u00f1a de 9 a\u00f1os de edad recibi\u00f3 una llamada telef\u00f3nica de extorsi\u00f3n,se asust\u00f3, se escondi\u00f3 en un monte, las autoridades activaron la Alerta Amber, y fue encontrada horas despu\u00e9s. Todo inici\u00f3 antes de las 10:30 horas cuando Taylor Paulett Flores Alvarado, recibi\u00f3 una llamada a su tel\u00e9fono celular, donde un hombre le [&hellip;]<\/p>\n","protected":false},"author":1,"featured_media":111095,"comment_status":"open","ping_status":"open","sticky":true,"template":"","format":"standard","meta":{"footnotes":""},"categories":[5,7],"tags":[],"_links":{"self":[{"href":"https:\/\/diariodigitalmx.com\/index.php\/wp-json\/wp\/v2\/posts\/111093"}],"collection":[{"href":"https:\/\/diariodigitalmx.com\/index.php\/wp-json\/wp\/v2\/posts"}],"about":[{"href":"https:\/\/diariodigitalmx.com\/index.php\/wp-json\/wp\/v2\/types\/post"}],"author":[{"embeddable":true,"href":"https:\/\/diariodigitalmx.com\/index.php\/wp-json\/wp\/v2\/users\/1"}],"replies":[{"embeddable":true,"href":"https:\/\/diariodigitalmx.com\/index.php\/wp-json\/wp\/v2\/comments?post=111093"}],"version-history":[{"count":1,"href":"https:\/\/diariodigitalmx.com\/index.php\/wp-json\/wp\/v2\/posts\/111093\/revisions"}],"predecessor-version":[{"id":111094,"href":"https:\/\/diariodigitalmx.com\/index.php\/wp-json\/wp\/v2\/posts\/111093\/revisions\/111094"}],"wp:featuredmedia":[{"embeddable":true,"href":"https:\/\/diariodigitalmx.com\/index.php\/wp-json\/wp\/v2\/media\/111095"}],"wp:attachment":[{"href":"https:\/\/diariodigitalmx.com\/index.php\/wp-json\/wp\/v2\/media?parent=111093"}],"wp:term":[{"taxonomy":"category","embeddable":true,"href":"https:\/\/diariodigitalmx.com\/index.php\/wp-json\/wp\/v2\/categories?post=111093"},{"taxonomy":"post_tag","embeddable":true,"href":"https:\/\/diariodigitalmx.com\/index.php\/wp-json\/wp\/v2\/tags?post=111093"}],"curies":[{"name":"wp","href":"https:\/\/api.w.org\/{rel}","templated":true}]}}