{"id":111120,"date":"2023-12-14T15:42:22","date_gmt":"2023-12-14T21:42:22","guid":{"rendered":"http:\/\/diariodigitalmx.com\/?p=111120"},"modified":"2023-12-14T15:44:02","modified_gmt":"2023-12-14T21:44:02","slug":"reinstalan-estatua-de-eulalio-gonzalez-el-piporro-en-celebracion-de-su-natalicio-102","status":"publish","type":"post","link":"https:\/\/diariodigitalmx.com\/index.php\/2023\/12\/14\/reinstalan-estatua-de-eulalio-gonzalez-el-piporro-en-celebracion-de-su-natalicio-102\/","title":{"rendered":"Reinstalan estatua de Eulalio Gonz\u00e1lez \u201cEl Piporro\u201d en celebraci\u00f3n de su natalicio 102"},"content":{"rendered":"\n<figure class=\"wp-block-image size-large\"><img loading=\"lazy\" decoding=\"async\" width=\"1024\" height=\"1024\" src=\"http:\/\/diariodigitalmx.com\/wp-content\/uploads\/2023\/12\/IMG_20231214_154128_406-1024x1024.webp\" alt=\"\" class=\"wp-image-111123\" srcset=\"https:\/\/diariodigitalmx.com\/wp-content\/uploads\/2023\/12\/IMG_20231214_154128_406-1024x1024.webp 1024w, https:\/\/diariodigitalmx.com\/wp-content\/uploads\/2023\/12\/IMG_20231214_154128_406-300x300.webp 300w, https:\/\/diariodigitalmx.com\/wp-content\/uploads\/2023\/12\/IMG_20231214_154128_406-150x150.webp 150w, https:\/\/diariodigitalmx.com\/wp-content\/uploads\/2023\/12\/IMG_20231214_154128_406-768x768.webp 768w, https:\/\/diariodigitalmx.com\/wp-content\/uploads\/2023\/12\/IMG_20231214_154128_406.webp 1080w\" sizes=\"(max-width: 1024px) 100vw, 1024px\" \/><\/figure>\n\n\n\n<p>Monterrey.- En v\u00edsperas del 102 aniversario del natalicio de Eulalio Gonz\u00e1lez \u201cEl Piporro\u201d, su estatua fue reubicada en el paseo Santa Lucia para integrarse a llamada plaza del m\u00fasico.<\/p>\n\n\n\n<p>Este simb\u00f3lico lugar se ubica en Juan Ignacio Ram\u00f3n y Javier Mina, en una plazoleta donde se llevan a cabo recitales y conciertos.<br>El desaparecido cantante y actor de cine naci\u00f3 el 16 de diciembre de 1921, en el municipio de Los Herreras, ubicado al norte del estado de Nuevo Le\u00f3n.<\/p>\n\n\n\n<figure class=\"wp-block-image size-full\"><img loading=\"lazy\" decoding=\"async\" width=\"1024\" height=\"768\" src=\"http:\/\/diariodigitalmx.com\/wp-content\/uploads\/2023\/12\/IMG-20231214-WA0085.jpg\" alt=\"\" class=\"wp-image-111126\" srcset=\"https:\/\/diariodigitalmx.com\/wp-content\/uploads\/2023\/12\/IMG-20231214-WA0085.jpg 1024w, https:\/\/diariodigitalmx.com\/wp-content\/uploads\/2023\/12\/IMG-20231214-WA0085-300x225.jpg 300w, https:\/\/diariodigitalmx.com\/wp-content\/uploads\/2023\/12\/IMG-20231214-WA0085-768x576.jpg 768w\" sizes=\"(max-width: 1024px) 100vw, 1024px\" \/><\/figure>\n\n\n\n<p>La efigie de \u201cEl Piporro\u201d fue restaurada y se procedi\u00f3 a su reubicaci\u00f3n, al pasar de la Macroplaza al complejo del paseo Santa Lucia, a fin de complementar la denominada plaza de El M\u00fasico, d\u00f3nde se rinde homenaje a precursores de la m\u00fasica regional norestense.<br>En la develaci\u00f3n de la estatua de bronce de tama\u00f1o real, junto a una placa con la frase \u201cLos aplausos me los llevo en el sombrero\u201d, con la cual Eulalio Gonz\u00e1lez agradec\u00eda al p\u00fablico asistente a sus presentaciones, estuvieron sus hijas Eliana y Tini Gonz\u00e1lez.<br>La cronista de Los Herreras, Tania Salinas, ley\u00f3 a la ceremonia de develaci\u00f3n una semblanza del hijo predilecto de ese municipio, donde destac\u00f3 el breve paso por el periodismo y la radiodifusi\u00f3n de \u201cEl Piporro\u201d, hasta su incursi\u00f3n en el cine y la m\u00fasica.<br>Luis Tijerina, alcalde de Los Herreras, mencion\u00f3 que luego de casi dos a\u00f1os de gestiones con diversas autoridades estatales, se logr\u00f3 el acuerdo para la restauraci\u00f3n de la estatua, y su posterior reubicaci\u00f3n.<br>\u2018Logramos el recuperar la estatua para preservarla y presentarla a las presentes y futuras generaciones, para que as\u00ed conozcan el legado de El Piporro quien defini\u00f3 el estilo de vida del norestense en Nuevo Le\u00f3n y Tamaulipas sino en el norte de M\u00e9xico.<br>\u201cEsto tambi\u00e9n viene a complementar lo que estamos haciendo en la reconstrucci\u00f3n y rescate de la casa donde vivi\u00f3 Eulalio, que pronto se convertir\u00e1 en el Museo Regional de El Piporro\u201d, explic\u00f3 Tijerina.<\/p>\n","protected":false},"excerpt":{"rendered":"<p>Monterrey.- En v\u00edsperas del 102 aniversario del natalicio de Eulalio Gonz\u00e1lez \u201cEl Piporro\u201d, su estatua fue reubicada en el paseo Santa Lucia para integrarse a llamada plaza del m\u00fasico. Este simb\u00f3lico lugar se ubica en Juan Ignacio Ram\u00f3n y Javier Mina, en una plazoleta donde se llevan a cabo recitales y conciertos.El desaparecido cantante y [&hellip;]<\/p>\n","protected":false},"author":1,"featured_media":111122,"comment_status":"open","ping_status":"open","sticky":true,"template":"","format":"standard","meta":{"footnotes":""},"categories":[14,6],"tags":[],"_links":{"self":[{"href":"https:\/\/diariodigitalmx.com\/index.php\/wp-json\/wp\/v2\/posts\/111120"}],"collection":[{"href":"https:\/\/diariodigitalmx.com\/index.php\/wp-json\/wp\/v2\/posts"}],"about":[{"href":"https:\/\/diariodigitalmx.com\/index.php\/wp-json\/wp\/v2\/types\/post"}],"author":[{"embeddable":true,"href":"https:\/\/diariodigitalmx.com\/index.php\/wp-json\/wp\/v2\/users\/1"}],"replies":[{"embeddable":true,"href":"https:\/\/diariodigitalmx.com\/index.php\/wp-json\/wp\/v2\/comments?post=111120"}],"version-history":[{"count":3,"href":"https:\/\/diariodigitalmx.com\/index.php\/wp-json\/wp\/v2\/posts\/111120\/revisions"}],"predecessor-version":[{"id":111127,"href":"https:\/\/diariodigitalmx.com\/index.php\/wp-json\/wp\/v2\/posts\/111120\/revisions\/111127"}],"wp:featuredmedia":[{"embeddable":true,"href":"https:\/\/diariodigitalmx.com\/index.php\/wp-json\/wp\/v2\/media\/111122"}],"wp:attachment":[{"href":"https:\/\/diariodigitalmx.com\/index.php\/wp-json\/wp\/v2\/media?parent=111120"}],"wp:term":[{"taxonomy":"category","embeddable":true,"href":"https:\/\/diariodigitalmx.com\/index.php\/wp-json\/wp\/v2\/categories?post=111120"},{"taxonomy":"post_tag","embeddable":true,"href":"https:\/\/diariodigitalmx.com\/index.php\/wp-json\/wp\/v2\/tags?post=111120"}],"curies":[{"name":"wp","href":"https:\/\/api.w.org\/{rel}","templated":true}]}}