{"id":111139,"date":"2023-12-14T18:14:14","date_gmt":"2023-12-15T00:14:14","guid":{"rendered":"http:\/\/diariodigitalmx.com\/?p=111139"},"modified":"2023-12-14T18:15:29","modified_gmt":"2023-12-15T00:15:29","slug":"colocan-pintura-conmemorativa-por-los-200-anos-del-congreso-del-estado-de-nl","status":"publish","type":"post","link":"https:\/\/diariodigitalmx.com\/index.php\/2023\/12\/14\/colocan-pintura-conmemorativa-por-los-200-anos-del-congreso-del-estado-de-nl\/","title":{"rendered":"Colocan pintura conmemorativa por los 200 a\u00f1os del Congreso del Estado de NL"},"content":{"rendered":"\n<p><br>Monterrey. &#8211; Como parte de la conmemoraci\u00f3n del bicentenario del Congreso del Estado, este jueves se coloc\u00f3 en uno de los muros del vest\u00edbulo una pintura realizada por el artista pl\u00e1stico, Eliezer Blanco.<br>El presidente de la mesa directiva, Mauro Guerra Villarreal, y el pintor mostraron el cuadro en donde se evoca a la evoluci\u00f3n que ha tenido el Poder Legislativo a lo largo de dos siglos.<br>Por acuerdo de las diputadas y los diputados se realizar\u00e1n una serie de eventos para conmemorar los 200 a\u00f1os que se cumplen el primero de agosto de 2024.<br>Desde el 13 de noviembre Blanco, por encomienda de Guerra Villarreal realiz\u00f3 la pintura conmemorativa, unos d\u00edas el trabajo lo realiz\u00f3 en el vest\u00edbulo del recinto legislativo, y otros m\u00e1s en su taller particular.<br>Blanco explic\u00f3 el contenido de su obra, de su visi\u00f3n de artista por el bicentenario del Congreso del Estado, el cual ya se encuentra en uno de los muros del recinto:<br>\u201cEn esta pintura conmemorativa me di a la tarea de plasmar el escudo de armas del Estado con la inspiradora leyenda &#8220;Semper Ascendens&#8221;, que traduce la constante b\u00fasqueda de superaci\u00f3n.<\/p>\n\n\n\n<figure class=\"wp-block-image size-large\"><img loading=\"lazy\" decoding=\"async\" width=\"1024\" height=\"682\" src=\"http:\/\/diariodigitalmx.com\/wp-content\/uploads\/2023\/12\/WhatsApp-Image-2023-12-14-at-4.13.47-PM-1024x682.jpeg\" alt=\"\" class=\"wp-image-111142\" srcset=\"https:\/\/diariodigitalmx.com\/wp-content\/uploads\/2023\/12\/WhatsApp-Image-2023-12-14-at-4.13.47-PM-1024x682.jpeg 1024w, https:\/\/diariodigitalmx.com\/wp-content\/uploads\/2023\/12\/WhatsApp-Image-2023-12-14-at-4.13.47-PM-300x200.jpeg 300w, https:\/\/diariodigitalmx.com\/wp-content\/uploads\/2023\/12\/WhatsApp-Image-2023-12-14-at-4.13.47-PM-768x512.jpeg 768w, https:\/\/diariodigitalmx.com\/wp-content\/uploads\/2023\/12\/WhatsApp-Image-2023-12-14-at-4.13.47-PM-1536x1023.jpeg 1536w, https:\/\/diariodigitalmx.com\/wp-content\/uploads\/2023\/12\/WhatsApp-Image-2023-12-14-at-4.13.47-PM.jpeg 1600w\" sizes=\"(max-width: 1024px) 100vw, 1024px\" \/><\/figure>\n\n\n\n<p>\u201cLas enormes murallas naturales que rodean al \u00e1rea metropolitana de Monterrey: la imponente figura del Cerro de la Silla, la majestuosa Sierra Madre y el se\u00f1orial Cerro de las Mitras, forman parte de esta obra.<br>\u201cDos grandes personajes en la historia del Estado: el primer gobernador de Nuevo Le\u00f3n Jos\u00e9 Mar\u00eda de Jes\u00fas Par\u00e1s y el ilustre regiomontano Universal, Alfonso Reyes se encuentran en este recuerdo de la historia de los 200 a\u00f1os del Congreso.<br>\u201cUn pergamino en la parte superior porta la fecha conmemorativa del Bicentenario del Congreso: 1824-2024.<br>\u201cLa representaci\u00f3n visual del edificio del Congreso, donde una Tribuna simboliza el espacio hist\u00f3rico donde los representantes toman decisiones cruciales para el progreso del Estado.<br>\u201cUna mujer fuerte encarna la voz y la fuerza de los ciudadanos que, a trav\u00e9s de su participaci\u00f3n, han contribuido a forjar un nuevo presente en las decisiones de nuestro pa\u00eds.<br>\u201cEsta obra de arte no solamente recuerda el pasado glorioso, sino que tambi\u00e9n inspira a contemplar el futuro con renovado compromiso y determinaci\u00f3n\u201d, relat\u00f3.<\/p>\n","protected":false},"excerpt":{"rendered":"<p>Monterrey. &#8211; Como parte de la conmemoraci\u00f3n del bicentenario del Congreso del Estado, este jueves se coloc\u00f3 en uno de los muros del vest\u00edbulo una pintura realizada por el artista pl\u00e1stico, Eliezer Blanco.El presidente de la mesa directiva, Mauro Guerra Villarreal, y el pintor mostraron el cuadro en donde se evoca a la evoluci\u00f3n que [&hellip;]<\/p>\n","protected":false},"author":1,"featured_media":111141,"comment_status":"open","ping_status":"open","sticky":true,"template":"","format":"standard","meta":{"footnotes":""},"categories":[6,5],"tags":[],"_links":{"self":[{"href":"https:\/\/diariodigitalmx.com\/index.php\/wp-json\/wp\/v2\/posts\/111139"}],"collection":[{"href":"https:\/\/diariodigitalmx.com\/index.php\/wp-json\/wp\/v2\/posts"}],"about":[{"href":"https:\/\/diariodigitalmx.com\/index.php\/wp-json\/wp\/v2\/types\/post"}],"author":[{"embeddable":true,"href":"https:\/\/diariodigitalmx.com\/index.php\/wp-json\/wp\/v2\/users\/1"}],"replies":[{"embeddable":true,"href":"https:\/\/diariodigitalmx.com\/index.php\/wp-json\/wp\/v2\/comments?post=111139"}],"version-history":[{"count":2,"href":"https:\/\/diariodigitalmx.com\/index.php\/wp-json\/wp\/v2\/posts\/111139\/revisions"}],"predecessor-version":[{"id":111144,"href":"https:\/\/diariodigitalmx.com\/index.php\/wp-json\/wp\/v2\/posts\/111139\/revisions\/111144"}],"wp:featuredmedia":[{"embeddable":true,"href":"https:\/\/diariodigitalmx.com\/index.php\/wp-json\/wp\/v2\/media\/111141"}],"wp:attachment":[{"href":"https:\/\/diariodigitalmx.com\/index.php\/wp-json\/wp\/v2\/media?parent=111139"}],"wp:term":[{"taxonomy":"category","embeddable":true,"href":"https:\/\/diariodigitalmx.com\/index.php\/wp-json\/wp\/v2\/categories?post=111139"},{"taxonomy":"post_tag","embeddable":true,"href":"https:\/\/diariodigitalmx.com\/index.php\/wp-json\/wp\/v2\/tags?post=111139"}],"curies":[{"name":"wp","href":"https:\/\/api.w.org\/{rel}","templated":true}]}}