{"id":111179,"date":"2023-12-15T17:19:32","date_gmt":"2023-12-15T23:19:32","guid":{"rendered":"http:\/\/diariodigitalmx.com\/?p=111179"},"modified":"2023-12-15T17:20:38","modified_gmt":"2023-12-15T23:20:38","slug":"dice-samuel-denunciara-a-diputados-penalmente","status":"publish","type":"post","link":"https:\/\/diariodigitalmx.com\/index.php\/2023\/12\/15\/dice-samuel-denunciara-a-diputados-penalmente\/","title":{"rendered":"Dice Samuel denunciar\u00e1 a diputados penalmente"},"content":{"rendered":"\n<p><br>Monterrey-. Samuel Garc\u00eda anunci\u00f3 dque denunciar\u00e1 penalmente a los diputados locales de oposici\u00f3n, porque dijo, cometieron delito penal federal al aprobar reformas legales que le restan atribuciones, y que, publicaran en la Gaceta Legislativa.<\/p>\n\n\n\n<p>&#8220;Van a ser denunciados penalmente y van a tener serias consecuencias por votar leyes que ni leen&#8221;, dijo el gobernador en un video en sus redes sociales.<\/p>\n\n\n\n<p>El gobernante se refiri\u00f3 a algunos acuerdos que el Congreso public\u00f3, cuando el Gobierno estatal rechaz\u00f3 publicar en el Peri\u00f3dico Oficial del Estado.<\/p>\n\n\n\n<p>Agreg\u00f3 que los diputados del PRI y el PAN llevan un a\u00f1o cometiendo serias ilegalidades que constituyen delito penal federal.<\/p>\n\n\n\n<p>Coment\u00f3 algunas de las irregularidades que los diputados opositores han cometido desde hace un a\u00f1o.<\/p>\n\n\n\n<p>&#8220;Llevan un a\u00f1o intentando bloquear al Poder Ejecutivo: intentaron cambiar la Constitucional para impedir mi licencia, mis salidas, quitarme el veto que tengo derecho a vetar al Fiscal, quisieron cambiar la Constituci\u00f3n del Estado para que tengan la facultad de hacer un presupuesto, quisieron quitarme la Defensor\u00eda P\u00fablica del Estado, el SAT, la UIFE, el Tribunal Contencioso Administrativo, se pusieron fuero estos bandidos y crearon estos brutos cobardes un sistema parlamentario donde el Congreso pone al gabinete, a los secretarios, a los directores&#8221;, expuso.<\/p>\n\n\n\n<p>&#8220;Todos los abogados sabemos, y aqu\u00ed lo voy a explicar en palabras terrenales: al Congreso le toca debatir, votar y mandar al Poder Ejecutivo las leyes y reformas; y al Ejecutivo le toca sancionar, promulgar y publicar en el Peri\u00f3dico Oficial&#8221;, aclara.<\/p>\n\n\n\n<p>Califica de trogloditas a los diputados panistas y priistas y les advierte que no les dejar\u00e1 tener unas vacaciones tranquilas.<\/p>\n","protected":false},"excerpt":{"rendered":"<p>Monterrey-. Samuel Garc\u00eda anunci\u00f3 dque denunciar\u00e1 penalmente a los diputados locales de oposici\u00f3n, porque dijo, cometieron delito penal federal al aprobar reformas legales que le restan atribuciones, y que, publicaran en la Gaceta Legislativa. &#8220;Van a ser denunciados penalmente y van a tener serias consecuencias por votar leyes que ni leen&#8221;, dijo el gobernador en [&hellip;]<\/p>\n","protected":false},"author":1,"featured_media":111181,"comment_status":"open","ping_status":"open","sticky":true,"template":"","format":"standard","meta":{"footnotes":""},"categories":[6,3],"tags":[],"_links":{"self":[{"href":"https:\/\/diariodigitalmx.com\/index.php\/wp-json\/wp\/v2\/posts\/111179"}],"collection":[{"href":"https:\/\/diariodigitalmx.com\/index.php\/wp-json\/wp\/v2\/posts"}],"about":[{"href":"https:\/\/diariodigitalmx.com\/index.php\/wp-json\/wp\/v2\/types\/post"}],"author":[{"embeddable":true,"href":"https:\/\/diariodigitalmx.com\/index.php\/wp-json\/wp\/v2\/users\/1"}],"replies":[{"embeddable":true,"href":"https:\/\/diariodigitalmx.com\/index.php\/wp-json\/wp\/v2\/comments?post=111179"}],"version-history":[{"count":2,"href":"https:\/\/diariodigitalmx.com\/index.php\/wp-json\/wp\/v2\/posts\/111179\/revisions"}],"predecessor-version":[{"id":111182,"href":"https:\/\/diariodigitalmx.com\/index.php\/wp-json\/wp\/v2\/posts\/111179\/revisions\/111182"}],"wp:featuredmedia":[{"embeddable":true,"href":"https:\/\/diariodigitalmx.com\/index.php\/wp-json\/wp\/v2\/media\/111181"}],"wp:attachment":[{"href":"https:\/\/diariodigitalmx.com\/index.php\/wp-json\/wp\/v2\/media?parent=111179"}],"wp:term":[{"taxonomy":"category","embeddable":true,"href":"https:\/\/diariodigitalmx.com\/index.php\/wp-json\/wp\/v2\/categories?post=111179"},{"taxonomy":"post_tag","embeddable":true,"href":"https:\/\/diariodigitalmx.com\/index.php\/wp-json\/wp\/v2\/tags?post=111179"}],"curies":[{"name":"wp","href":"https:\/\/api.w.org\/{rel}","templated":true}]}}