{"id":111226,"date":"2023-12-17T11:50:14","date_gmt":"2023-12-17T17:50:14","guid":{"rendered":"http:\/\/diariodigitalmx.com\/?p=111226"},"modified":"2023-12-17T11:51:41","modified_gmt":"2023-12-17T17:51:41","slug":"presentan-resultados-de-emprender-con-discapacidad","status":"publish","type":"post","link":"https:\/\/diariodigitalmx.com\/index.php\/2023\/12\/17\/presentan-resultados-de-emprender-con-discapacidad\/","title":{"rendered":"Presentan resultados de &#8220;Emprender con discapacidad&#8221;"},"content":{"rendered":"\n<figure class=\"wp-block-image size-large\"><img loading=\"lazy\" decoding=\"async\" width=\"1024\" height=\"768\" src=\"http:\/\/diariodigitalmx.com\/wp-content\/uploads\/2023\/12\/Emprender-03-1024x768.jpg\" alt=\"\" class=\"wp-image-111230\" srcset=\"https:\/\/diariodigitalmx.com\/wp-content\/uploads\/2023\/12\/Emprender-03-1024x768.jpg 1024w, https:\/\/diariodigitalmx.com\/wp-content\/uploads\/2023\/12\/Emprender-03-300x225.jpg 300w, https:\/\/diariodigitalmx.com\/wp-content\/uploads\/2023\/12\/Emprender-03-768x576.jpg 768w, https:\/\/diariodigitalmx.com\/wp-content\/uploads\/2023\/12\/Emprender-03-1536x1152.jpg 1536w, https:\/\/diariodigitalmx.com\/wp-content\/uploads\/2023\/12\/Emprender-03-2048x1536.jpg 2048w\" sizes=\"(max-width: 1024px) 100vw, 1024px\" \/><\/figure>\n\n\n\n<p>Impact Hub Ciudad de M\u00e9xico y Foro Valpara\u00edso presentaron los resultados de la investigaci\u00f3n \u201cEmprender con Discapacidad\u201d, realizada de manera colaborativa por ambas instituciones, con el objetivo de arrojar luz sobre ese tema e impulsar el emprendimiento inclusivo en M\u00e9xico. Tuvo lugar en las instalaciones de Foro Valpara\u00edso, Ciudad de M\u00e9xico.<br>El estudio fue realizado mayoritariamente por Impact Hub Ciudad de M\u00e9xico y cont\u00f3 con el acompa\u00f1amiento de Foro Valpara\u00edso como experto en temas de atenci\u00f3n a personas con discapacidad (PcD). En \u00e9ste pueden identificarse barreras significativas que las personas con discapacidad enfrentan en su b\u00fasqueda de emprender en M\u00e9xico; entre estos desaf\u00edos se incluyen la falta de accesibilidad en entornos empresariales, la discriminaci\u00f3n, la falta de apoyos\/ajustes adecuados y los prejuicios que dificultan sus esfuerzos por establecer y gestionar sus propios negocios.<br>El documento final es resultado de una combinaci\u00f3n de revisiones de bibliograf\u00eda sobre el contexto de las personas con discapacidad junto con entrevistas de profundidad y la captura de datos. Uno de los hallazgos m\u00e1s interesantes obtenidos es el inter\u00e9s de 95% de las personas con discapacidad por emprender.<br>Dentro de los datos obtenidos, tambi\u00e9n se observ\u00f3 que hay tres principales barreras que perciben las personas con discapacidad para emprender: la primera es el financiamiento, relacionado con el acceso a capital y a una base econ\u00f3mica s\u00f3lida para mantenerse; la segunda est\u00e1 relacionada con motivos personales, que se traducen en la autoconfianza y autopercepci\u00f3n de las limitantes; y la tercera que est\u00e1 relacionada con el conocimiento, es decir el contar con las herramientas formativas sobre la puesta en marcha y la buena administraci\u00f3n de un negocio.<br>Los resultados tienen un ajuste cuando se distinguen las barreras propias y las generales. Por ejemplo, la barrera del financiamiento es percibida como una barrera propia por el 54% de las personas con discapacidad, pero se reduce a un 50% cuando se habla de barreras generales. Sin embargo, la barrera de los motivos personales es identificada como propia por 22% de las personas con discapacidad, pero aumenta al 33% cuando se habla en t\u00e9rminos generales.<br>A diferencia de los retos generales para emprender en M\u00e9xico, las personas con discapacidad enfrentan una barrera muy importante: la autopercepci\u00f3n emprendedora, es decir qu\u00e9 tanto conf\u00edan en ellos<\/p>\n","protected":false},"excerpt":{"rendered":"<p>Impact Hub Ciudad de M\u00e9xico y Foro Valpara\u00edso presentaron los resultados de la investigaci\u00f3n \u201cEmprender con Discapacidad\u201d, realizada de manera colaborativa por ambas instituciones, con el objetivo de arrojar luz sobre ese tema e impulsar el emprendimiento inclusivo en M\u00e9xico. Tuvo lugar en las instalaciones de Foro Valpara\u00edso, Ciudad de M\u00e9xico.El estudio fue realizado mayoritariamente [&hellip;]<\/p>\n","protected":false},"author":1,"featured_media":111228,"comment_status":"open","ping_status":"open","sticky":true,"template":"","format":"standard","meta":{"footnotes":""},"categories":[14,2],"tags":[],"_links":{"self":[{"href":"https:\/\/diariodigitalmx.com\/index.php\/wp-json\/wp\/v2\/posts\/111226"}],"collection":[{"href":"https:\/\/diariodigitalmx.com\/index.php\/wp-json\/wp\/v2\/posts"}],"about":[{"href":"https:\/\/diariodigitalmx.com\/index.php\/wp-json\/wp\/v2\/types\/post"}],"author":[{"embeddable":true,"href":"https:\/\/diariodigitalmx.com\/index.php\/wp-json\/wp\/v2\/users\/1"}],"replies":[{"embeddable":true,"href":"https:\/\/diariodigitalmx.com\/index.php\/wp-json\/wp\/v2\/comments?post=111226"}],"version-history":[{"count":2,"href":"https:\/\/diariodigitalmx.com\/index.php\/wp-json\/wp\/v2\/posts\/111226\/revisions"}],"predecessor-version":[{"id":111231,"href":"https:\/\/diariodigitalmx.com\/index.php\/wp-json\/wp\/v2\/posts\/111226\/revisions\/111231"}],"wp:featuredmedia":[{"embeddable":true,"href":"https:\/\/diariodigitalmx.com\/index.php\/wp-json\/wp\/v2\/media\/111228"}],"wp:attachment":[{"href":"https:\/\/diariodigitalmx.com\/index.php\/wp-json\/wp\/v2\/media?parent=111226"}],"wp:term":[{"taxonomy":"category","embeddable":true,"href":"https:\/\/diariodigitalmx.com\/index.php\/wp-json\/wp\/v2\/categories?post=111226"},{"taxonomy":"post_tag","embeddable":true,"href":"https:\/\/diariodigitalmx.com\/index.php\/wp-json\/wp\/v2\/tags?post=111226"}],"curies":[{"name":"wp","href":"https:\/\/api.w.org\/{rel}","templated":true}]}}