{"id":111270,"date":"2023-12-17T23:32:59","date_gmt":"2023-12-18T05:32:59","guid":{"rendered":"http:\/\/diariodigitalmx.com\/?p=111270"},"modified":"2023-12-17T23:34:44","modified_gmt":"2023-12-18T05:34:44","slug":"america-campeon-es-la-estrella-14","status":"publish","type":"post","link":"https:\/\/diariodigitalmx.com\/index.php\/2023\/12\/17\/america-campeon-es-la-estrella-14\/","title":{"rendered":"Am\u00e9rica campe\u00f3n; es la estrella 14"},"content":{"rendered":"\n<figure class=\"wp-block-image size-full\"><img loading=\"lazy\" decoding=\"async\" width=\"720\" height=\"720\" src=\"http:\/\/diariodigitalmx.com\/wp-content\/uploads\/2023\/12\/IMG_20231217_233128_452.webp\" alt=\"\" class=\"wp-image-111273\" srcset=\"https:\/\/diariodigitalmx.com\/wp-content\/uploads\/2023\/12\/IMG_20231217_233128_452.webp 720w, https:\/\/diariodigitalmx.com\/wp-content\/uploads\/2023\/12\/IMG_20231217_233128_452-300x300.webp 300w, https:\/\/diariodigitalmx.com\/wp-content\/uploads\/2023\/12\/IMG_20231217_233128_452-150x150.webp 150w\" sizes=\"(max-width: 720px) 100vw, 720px\" \/><\/figure>\n\n\n\n<p>CDMX.- El Am\u00e9rica es el campe\u00f3n, le meti\u00f3 tres goles a Tigres en el juego de vuelta en el estadio Azteca, para un marcador global de 4 a uno.<\/p>\n\n\n\n<p>En los 90 minutos quedaron cero a cero y fue en el tiempo extra cuando a los 35 segundos, Qui\u00f1ones abri\u00f3 el partido cpn el primer tanto; desoues al minuto 103 cay\u00f3 el segundo por conducto de Richard S\u00e1nchez y el tercero de Cabecita Rodr\u00edguez al 119.<\/p>\n\n\n\n<p>TIgres fue agresivo al principio, control\u00f3 el juego y Aquino mand\u00f3 un centro que estuvo a punto de ser rematado por Andr\u00e9-Pierre Gignac, pero Igor Lichnovsky se atraves\u00f3 a tiempo.<\/p>\n\n\n\n<p>Por el lado del Am\u00e9rica Qui\u00f1ones centr\u00f3 por izquierda, la defensa felina no pudo cortar y Diego Vald\u00e9s la prendi\u00f3 con una volea potente que el portero del Tigres ataj\u00f3.<\/p>\n\n\n\n<p>Despu\u00e9s, Gignac volvi\u00f3 a rematar y Malag\u00f3n salv\u00f3 la puerta. Ambos porteros estuvieron bien y llevaron el cero a cero hasta el minuto 90 y los 9 complementarios.<\/p>\n\n\n\n<p>De reciente ingreso Fulgencio fue expulsado y el Am\u00e9rica aclar\u00f3 su panorama.<\/p>\n\n\n\n<p>Es el campeonato 14 de las \u00c1guilas.<\/p>\n\n\n\n<p>(fotos Instagram Am\u00e9rica)<\/p>\n","protected":false},"excerpt":{"rendered":"<p>CDMX.- El Am\u00e9rica es el campe\u00f3n, le meti\u00f3 tres goles a Tigres en el juego de vuelta en el estadio Azteca, para un marcador global de 4 a uno. En los 90 minutos quedaron cero a cero y fue en el tiempo extra cuando a los 35 segundos, Qui\u00f1ones abri\u00f3 el partido cpn el primer [&hellip;]<\/p>\n","protected":false},"author":1,"featured_media":111272,"comment_status":"open","ping_status":"open","sticky":true,"template":"","format":"standard","meta":{"footnotes":""},"categories":[8,3],"tags":[],"_links":{"self":[{"href":"https:\/\/diariodigitalmx.com\/index.php\/wp-json\/wp\/v2\/posts\/111270"}],"collection":[{"href":"https:\/\/diariodigitalmx.com\/index.php\/wp-json\/wp\/v2\/posts"}],"about":[{"href":"https:\/\/diariodigitalmx.com\/index.php\/wp-json\/wp\/v2\/types\/post"}],"author":[{"embeddable":true,"href":"https:\/\/diariodigitalmx.com\/index.php\/wp-json\/wp\/v2\/users\/1"}],"replies":[{"embeddable":true,"href":"https:\/\/diariodigitalmx.com\/index.php\/wp-json\/wp\/v2\/comments?post=111270"}],"version-history":[{"count":3,"href":"https:\/\/diariodigitalmx.com\/index.php\/wp-json\/wp\/v2\/posts\/111270\/revisions"}],"predecessor-version":[{"id":111276,"href":"https:\/\/diariodigitalmx.com\/index.php\/wp-json\/wp\/v2\/posts\/111270\/revisions\/111276"}],"wp:featuredmedia":[{"embeddable":true,"href":"https:\/\/diariodigitalmx.com\/index.php\/wp-json\/wp\/v2\/media\/111272"}],"wp:attachment":[{"href":"https:\/\/diariodigitalmx.com\/index.php\/wp-json\/wp\/v2\/media?parent=111270"}],"wp:term":[{"taxonomy":"category","embeddable":true,"href":"https:\/\/diariodigitalmx.com\/index.php\/wp-json\/wp\/v2\/categories?post=111270"},{"taxonomy":"post_tag","embeddable":true,"href":"https:\/\/diariodigitalmx.com\/index.php\/wp-json\/wp\/v2\/tags?post=111270"}],"curies":[{"name":"wp","href":"https:\/\/api.w.org\/{rel}","templated":true}]}}