{"id":111286,"date":"2023-12-18T00:33:44","date_gmt":"2023-12-18T06:33:44","guid":{"rendered":"http:\/\/diariodigitalmx.com\/?p=111286"},"modified":"2023-12-18T00:36:52","modified_gmt":"2023-12-18T06:36:52","slug":"los-libros-de-la-semana-6","status":"publish","type":"post","link":"https:\/\/diariodigitalmx.com\/index.php\/2023\/12\/18\/los-libros-de-la-semana-6\/","title":{"rendered":"Los libros de la semana"},"content":{"rendered":"\n<p><br>Gerson G\u00f3mez Salas<br>Desesterro de Sheyla Smanioto<br>Desesterro es el retrato de la vida familiar rural brasile\u00f1a, a trav\u00e9s de las vivencias de tres generaciones de mujeres. Cambios y continuidades, es lo que podemos encontrar a lo largo de las p\u00e1ginas que conforman la novela, con una narrativa cargada de poes\u00eda en fragmentos de recuerdos como sue\u00f1os diurnos. La autora relata con suma precisi\u00f3n los matices que se encuentran en sus interacciones, creencias, cuidados, heridas y silencios, y el motivo por el cual se realizan las cosas de una manera en particular.<\/p>\n\n\n\n<figure class=\"wp-block-image size-full\"><img loading=\"lazy\" decoding=\"async\" width=\"320\" height=\"399\" src=\"http:\/\/diariodigitalmx.com\/wp-content\/uploads\/2023\/12\/IMG_20231218_003132_081.webp\" alt=\"\" class=\"wp-image-111289\" srcset=\"https:\/\/diariodigitalmx.com\/wp-content\/uploads\/2023\/12\/IMG_20231218_003132_081.webp 320w, https:\/\/diariodigitalmx.com\/wp-content\/uploads\/2023\/12\/IMG_20231218_003132_081-241x300.webp 241w\" sizes=\"(max-width: 320px) 100vw, 320px\" \/><\/figure>\n\n\n\n<p>Campo general de Jo\u00e3o Guimar\u00e3es Rosa<br>Campo general es m\u00e1s que el retrato fascinante de la ind\u00f3mita regi\u00f3n del gran sert\u00f3n brasile\u00f1o; Guimar\u00e3es Rosa tambi\u00e9n ofrece en esta novela un paisaje literario profundo que nos permite comprender la relaci\u00f3n entre las pasiones humanas y la naturaleza. Por las andanzas cotidianas de Miguel\u00edn y su familia en el Mut\u00fan, nos adentramos en la experiencia de un ni\u00f1o que construye su identidad, que vive entre la esperanza de conocer nuevas tierras y el sufrimiento que provoca enfrentarse a un ambiente adverso. Este relato es considerado un cl\u00e1sico de la literatura brasile\u00f1a del siglo XX, y forma parte del libro Campo General y otros relatos, traducido y publicado por el FCE en 2001.<\/p>\n\n\n\n<figure class=\"wp-block-image size-full\"><img loading=\"lazy\" decoding=\"async\" width=\"320\" height=\"400\" src=\"http:\/\/diariodigitalmx.com\/wp-content\/uploads\/2023\/12\/IMG_20231218_003132_268.webp\" alt=\"\" class=\"wp-image-111291\" srcset=\"https:\/\/diariodigitalmx.com\/wp-content\/uploads\/2023\/12\/IMG_20231218_003132_268.webp 320w, https:\/\/diariodigitalmx.com\/wp-content\/uploads\/2023\/12\/IMG_20231218_003132_268-240x300.webp 240w\" sizes=\"(max-width: 320px) 100vw, 320px\" \/><\/figure>\n\n\n\n<p>La m\u00fasica del fuego. Antolog\u00eda po\u00e9tica de Fernando Rivera Calder\u00f3n.<br>Iconoclasta. Irredento. Irreverente. El autor de La m\u00fasica del fuego es una miscel\u00e1nea po\u00e9tica en la que convergen el texto breve o el poema narrativo de medio aliento. Poes\u00eda que busca la media sonrisa del lector ya sea por su eficaz sentido del humor que cristaliza en la cr\u00edtica social o por la sincera preocupaci\u00f3n y hechura po\u00e9tica que viene de lo cotidiano.<\/p>\n\n\n\n<figure class=\"wp-block-image size-full\"><img loading=\"lazy\" decoding=\"async\" width=\"360\" height=\"450\" src=\"http:\/\/diariodigitalmx.com\/wp-content\/uploads\/2023\/12\/IMG_20231218_003132_306.webp\" alt=\"\" class=\"wp-image-111293\" srcset=\"https:\/\/diariodigitalmx.com\/wp-content\/uploads\/2023\/12\/IMG_20231218_003132_306.webp 360w, https:\/\/diariodigitalmx.com\/wp-content\/uploads\/2023\/12\/IMG_20231218_003132_306-240x300.webp 240w\" sizes=\"(max-width: 360px) 100vw, 360px\" \/><\/figure>\n\n\n\n<p>El libro y sus orillas. Tipograf\u00eda, originales, redacci\u00f3n, correcci\u00f3n de estilo y de pruebas de Roberto Zavala Ruiz<br>Imprescindible para quienes buscan dedicarse a la industria editorial. El autor ofrece en esta obra una excelente herramienta para aquellos amantes del libro en todas sus facetas, llev\u00e1ndolos de la mano a trav\u00e9s de los procesos editoriales sin enfocarse \u00fanicamente a los profesionales de la edici\u00f3n. Se trata, pues, de una obra de car\u00e1cter did\u00e1ctico y, al mismo tiempo, de divulgaci\u00f3n<\/p>\n","protected":false},"excerpt":{"rendered":"<p>Gerson G\u00f3mez SalasDesesterro de Sheyla SmaniotoDesesterro es el retrato de la vida familiar rural brasile\u00f1a, a trav\u00e9s de las vivencias de tres generaciones de mujeres. Cambios y continuidades, es lo que podemos encontrar a lo largo de las p\u00e1ginas que conforman la novela, con una narrativa cargada de poes\u00eda en fragmentos de recuerdos como sue\u00f1os [&hellip;]<\/p>\n","protected":false},"author":1,"featured_media":111288,"comment_status":"open","ping_status":"open","sticky":true,"template":"","format":"standard","meta":{"footnotes":""},"categories":[11,14],"tags":[],"_links":{"self":[{"href":"https:\/\/diariodigitalmx.com\/index.php\/wp-json\/wp\/v2\/posts\/111286"}],"collection":[{"href":"https:\/\/diariodigitalmx.com\/index.php\/wp-json\/wp\/v2\/posts"}],"about":[{"href":"https:\/\/diariodigitalmx.com\/index.php\/wp-json\/wp\/v2\/types\/post"}],"author":[{"embeddable":true,"href":"https:\/\/diariodigitalmx.com\/index.php\/wp-json\/wp\/v2\/users\/1"}],"replies":[{"embeddable":true,"href":"https:\/\/diariodigitalmx.com\/index.php\/wp-json\/wp\/v2\/comments?post=111286"}],"version-history":[{"count":4,"href":"https:\/\/diariodigitalmx.com\/index.php\/wp-json\/wp\/v2\/posts\/111286\/revisions"}],"predecessor-version":[{"id":111294,"href":"https:\/\/diariodigitalmx.com\/index.php\/wp-json\/wp\/v2\/posts\/111286\/revisions\/111294"}],"wp:featuredmedia":[{"embeddable":true,"href":"https:\/\/diariodigitalmx.com\/index.php\/wp-json\/wp\/v2\/media\/111288"}],"wp:attachment":[{"href":"https:\/\/diariodigitalmx.com\/index.php\/wp-json\/wp\/v2\/media?parent=111286"}],"wp:term":[{"taxonomy":"category","embeddable":true,"href":"https:\/\/diariodigitalmx.com\/index.php\/wp-json\/wp\/v2\/categories?post=111286"},{"taxonomy":"post_tag","embeddable":true,"href":"https:\/\/diariodigitalmx.com\/index.php\/wp-json\/wp\/v2\/tags?post=111286"}],"curies":[{"name":"wp","href":"https:\/\/api.w.org\/{rel}","templated":true}]}}