{"id":111316,"date":"2023-12-18T19:58:26","date_gmt":"2023-12-19T01:58:26","guid":{"rendered":"http:\/\/diariodigitalmx.com\/?p=111316"},"modified":"2023-12-18T20:00:28","modified_gmt":"2023-12-19T02:00:28","slug":"otro-que-le-gusto-un-oxxo-para-robar","status":"publish","type":"post","link":"https:\/\/diariodigitalmx.com\/index.php\/2023\/12\/18\/otro-que-le-gusto-un-oxxo-para-robar\/","title":{"rendered":"Otro que le gust\u00f3 un Oxxo para robar"},"content":{"rendered":"\n<figure class=\"wp-block-image size-full\"><img loading=\"lazy\" decoding=\"async\" width=\"768\" height=\"494\" src=\"http:\/\/diariodigitalmx.com\/wp-content\/uploads\/2023\/12\/IMG_20231218_195719_716.webp\" alt=\"\" class=\"wp-image-111320\" srcset=\"https:\/\/diariodigitalmx.com\/wp-content\/uploads\/2023\/12\/IMG_20231218_195719_716.webp 768w, https:\/\/diariodigitalmx.com\/wp-content\/uploads\/2023\/12\/IMG_20231218_195719_716-300x193.webp 300w\" sizes=\"(max-width: 768px) 100vw, 768px\" \/><\/figure>\n\n\n\n<p>\u25aa\ufe0eDa\u00f1a puerta de local<\/p>\n\n\n\n<p>Un hombre fue detenido por oficiales de la Polic\u00eda de Monterrey, luego de que da\u00f1\u00f3 la puerta de una tienda de conveniencia, presuntamente para ingresar a robar, en el Centro de la Ciudad.<br>La detenci\u00f3n de Oscar A., de 37 a\u00f1os de edad, se registr\u00f3 a las 04:30 horas en el cruce de Madero y Villag\u00f3mez, donde se ubica la tienda Oxxo.<br>Elementos de la Polic\u00eda de Monterrey realizaban un recorrido por el sector, cuando observaron que del interior del negocio, el dependiente les hac\u00eda se\u00f1as de que un hombre hab\u00eda ingresado al local tratando de robar.<br>Ante esto los oficiales entraron de inmediato al lugar, logrando detener al presunto.<br>Seg\u00fan el afectado dijo que estaba cerrada la puerta del local, cuando escuch\u00f3 que el ahora detenido quebraba los cristales de la puerta principal con unas piedras, y despu\u00e9s entr\u00f3 a la tienda presuntamente para robar.<br>Fue en ese momento que observ\u00f3 que pasaba una unidad de esta corporaci\u00f3n, por lo que pidi\u00f3 su apoyo.<br>El hombre fue trasladado a las instalaciones de la Polic\u00eda de Monterrey, donde qued\u00f3 a disposici\u00f3n del Ministerio P\u00fablico.<\/p>\n","protected":false},"excerpt":{"rendered":"<p>\u25aa\ufe0eDa\u00f1a puerta de local Un hombre fue detenido por oficiales de la Polic\u00eda de Monterrey, luego de que da\u00f1\u00f3 la puerta de una tienda de conveniencia, presuntamente para ingresar a robar, en el Centro de la Ciudad.La detenci\u00f3n de Oscar A., de 37 a\u00f1os de edad, se registr\u00f3 a las 04:30 horas en el cruce [&hellip;]<\/p>\n","protected":false},"author":1,"featured_media":111319,"comment_status":"open","ping_status":"open","sticky":true,"template":"","format":"standard","meta":{"footnotes":""},"categories":[14,7],"tags":[],"_links":{"self":[{"href":"https:\/\/diariodigitalmx.com\/index.php\/wp-json\/wp\/v2\/posts\/111316"}],"collection":[{"href":"https:\/\/diariodigitalmx.com\/index.php\/wp-json\/wp\/v2\/posts"}],"about":[{"href":"https:\/\/diariodigitalmx.com\/index.php\/wp-json\/wp\/v2\/types\/post"}],"author":[{"embeddable":true,"href":"https:\/\/diariodigitalmx.com\/index.php\/wp-json\/wp\/v2\/users\/1"}],"replies":[{"embeddable":true,"href":"https:\/\/diariodigitalmx.com\/index.php\/wp-json\/wp\/v2\/comments?post=111316"}],"version-history":[{"count":2,"href":"https:\/\/diariodigitalmx.com\/index.php\/wp-json\/wp\/v2\/posts\/111316\/revisions"}],"predecessor-version":[{"id":111321,"href":"https:\/\/diariodigitalmx.com\/index.php\/wp-json\/wp\/v2\/posts\/111316\/revisions\/111321"}],"wp:featuredmedia":[{"embeddable":true,"href":"https:\/\/diariodigitalmx.com\/index.php\/wp-json\/wp\/v2\/media\/111319"}],"wp:attachment":[{"href":"https:\/\/diariodigitalmx.com\/index.php\/wp-json\/wp\/v2\/media?parent=111316"}],"wp:term":[{"taxonomy":"category","embeddable":true,"href":"https:\/\/diariodigitalmx.com\/index.php\/wp-json\/wp\/v2\/categories?post=111316"},{"taxonomy":"post_tag","embeddable":true,"href":"https:\/\/diariodigitalmx.com\/index.php\/wp-json\/wp\/v2\/tags?post=111316"}],"curies":[{"name":"wp","href":"https:\/\/api.w.org\/{rel}","templated":true}]}}