{"id":111346,"date":"2023-12-19T08:49:35","date_gmt":"2023-12-19T14:49:35","guid":{"rendered":"http:\/\/diariodigitalmx.com\/?p=111346"},"modified":"2023-12-19T08:50:11","modified_gmt":"2023-12-19T14:50:11","slug":"contaminacion-del-aire","status":"publish","type":"post","link":"https:\/\/diariodigitalmx.com\/index.php\/2023\/12\/19\/contaminacion-del-aire\/","title":{"rendered":"Contaminaci\u00f3n del aire"},"content":{"rendered":"\n<p><br>Ra\u00fal Guajardo Cant\u00fa<br>Uno de los problemas que nos afectan de forma grave en el mediano y largo plazo es el de la contaminaci\u00f3n del aire que respiramos, y si bien en el corto plazo tenemos problemas como ojos llorosos, alergias y problemas leves respiratorios, en el largo plazo los resultados son mucho peores, entre otras cosas se estima que debido al aire contaminado que respiramos tenemos el riesgo latente de vivir menos a\u00f1os que los que vivir\u00edamos en otro escenario.<br>Conviene aclarar que no consideramos que el actual gobierno sea el responsable de las situaci\u00f3n actual, es un problema que viene de lejos, de otros sexenios, eso no est\u00e1 a discusi\u00f3n, pero a diferencia de lo que ha sucedido con otros problemas que ha enfrentado el gobierno de Samuel Garc\u00eda, poco se sabe acerca de lo que est\u00e1 haciendo la actual administraci\u00f3n para solucionar la poluci\u00f3n del \u00e1rea metropolitana en comparaci\u00f3n con otros problemas que se enfrentan, quiz\u00e1 por el sentido de urgencia que tienen otras problem\u00e1ticas que han hecho crisis.<br>As\u00ed cuando el agua comenz\u00f3 a faltar en las tuber\u00edas del \u00e1rea metropolitana, bien o mal se comenz\u00f3 un proceso de comunicaci\u00f3n acerca de lo que se estaba haciendo para solucionar la carencia del l\u00edquido, incluso se intent\u00f3 una campa\u00f1a de concientizaci\u00f3n y se cabildearon recursos para realizar el recientemente inaugurado segundo acueducto desde la presa El Cuchillo entre otras acciones.<br>Por otra parte, la crisis del transporte p\u00fablico tambi\u00e9n tuvo una campa\u00f1a de comunicaci\u00f3n acerca de las acciones que realiza el gobierno para solucionarlo, adem\u00e1s del mantenimiento preventivo de la l\u00ednea 2 del Metro.<br>Estos dos problemas tampoco pod\u00edan ser achacados directa y exclusivamente a este gobierno y sin embargo se tomaron cartas en el asunto, quiz\u00e1 por los desequilibrios pol\u00edticos que pueden ocasionar en un gobierno determinado.<br>No es el caso de la contaminaci\u00f3n ambiental, espec\u00edficamente de la del aire, cuyos efectos se presentan en el largo plazo y ni siquiera se identifican necesariamente como tales, ya que las muertes que pudieran achacarse a la contaminaci\u00f3n del aire, generalmente se pueden atribuir tambi\u00e9n a otro tipo de enfermedades, como el c\u00e1ncer o enfermedades respiratorias de diversa \u00edndole.<br>Har\u00eda bien el gobierno actual en informar de manera intensiva lo que est\u00e1 haciendo para que, hasta en d\u00edas con poca movilidad en el \u00e1rea metropolitana, la contaminaci\u00f3n sea observable.<br>P.S.<br>Ayer acudimos al Congreso a presentar 4 iniciativas de ley. No pudimos hacerlo porque los diputados salieron anticipadamente de vacaciones en virtud de que el gobernador no enviar\u00eda el presupuesto. Vaya nivel de servicio p\u00fablico.<\/p>\n","protected":false},"excerpt":{"rendered":"<p>Ra\u00fal Guajardo Cant\u00faUno de los problemas que nos afectan de forma grave en el mediano y largo plazo es el de la contaminaci\u00f3n del aire que respiramos, y si bien en el corto plazo tenemos problemas como ojos llorosos, alergias y problemas leves respiratorios, en el largo plazo los resultados son mucho peores, entre otras [&hellip;]<\/p>\n","protected":false},"author":1,"featured_media":111348,"comment_status":"open","ping_status":"open","sticky":true,"template":"","format":"standard","meta":{"footnotes":""},"categories":[14,12],"tags":[],"_links":{"self":[{"href":"https:\/\/diariodigitalmx.com\/index.php\/wp-json\/wp\/v2\/posts\/111346"}],"collection":[{"href":"https:\/\/diariodigitalmx.com\/index.php\/wp-json\/wp\/v2\/posts"}],"about":[{"href":"https:\/\/diariodigitalmx.com\/index.php\/wp-json\/wp\/v2\/types\/post"}],"author":[{"embeddable":true,"href":"https:\/\/diariodigitalmx.com\/index.php\/wp-json\/wp\/v2\/users\/1"}],"replies":[{"embeddable":true,"href":"https:\/\/diariodigitalmx.com\/index.php\/wp-json\/wp\/v2\/comments?post=111346"}],"version-history":[{"count":1,"href":"https:\/\/diariodigitalmx.com\/index.php\/wp-json\/wp\/v2\/posts\/111346\/revisions"}],"predecessor-version":[{"id":111347,"href":"https:\/\/diariodigitalmx.com\/index.php\/wp-json\/wp\/v2\/posts\/111346\/revisions\/111347"}],"wp:featuredmedia":[{"embeddable":true,"href":"https:\/\/diariodigitalmx.com\/index.php\/wp-json\/wp\/v2\/media\/111348"}],"wp:attachment":[{"href":"https:\/\/diariodigitalmx.com\/index.php\/wp-json\/wp\/v2\/media?parent=111346"}],"wp:term":[{"taxonomy":"category","embeddable":true,"href":"https:\/\/diariodigitalmx.com\/index.php\/wp-json\/wp\/v2\/categories?post=111346"},{"taxonomy":"post_tag","embeddable":true,"href":"https:\/\/diariodigitalmx.com\/index.php\/wp-json\/wp\/v2\/tags?post=111346"}],"curies":[{"name":"wp","href":"https:\/\/api.w.org\/{rel}","templated":true}]}}