{"id":111349,"date":"2023-12-19T11:19:38","date_gmt":"2023-12-19T17:19:38","guid":{"rendered":"http:\/\/diariodigitalmx.com\/?p=111349"},"modified":"2023-12-19T11:20:32","modified_gmt":"2023-12-19T17:20:32","slug":"le-roba-brasieres-a-coppel-tenia-orden-de-aprehension-por-el-mismo-delito","status":"publish","type":"post","link":"https:\/\/diariodigitalmx.com\/index.php\/2023\/12\/19\/le-roba-brasieres-a-coppel-tenia-orden-de-aprehension-por-el-mismo-delito\/","title":{"rendered":"Le roba brasieres a Coppel; ten\u00eda orden de aprehensi\u00f3n por el mismo delito"},"content":{"rendered":"\n<figure class=\"wp-block-image size-full\"><img loading=\"lazy\" decoding=\"async\" width=\"527\" height=\"435\" src=\"http:\/\/diariodigitalmx.com\/wp-content\/uploads\/2023\/12\/IMG-20231219-WA0040.jpg\" alt=\"\" class=\"wp-image-111352\" srcset=\"https:\/\/diariodigitalmx.com\/wp-content\/uploads\/2023\/12\/IMG-20231219-WA0040.jpg 527w, https:\/\/diariodigitalmx.com\/wp-content\/uploads\/2023\/12\/IMG-20231219-WA0040-300x248.jpg 300w\" sizes=\"(max-width: 527px) 100vw, 527px\" \/><\/figure>\n\n\n\n<p>Una mujer originaria de California, fue detenida por oficiales de la Polic\u00eda de Monterrey, luego de que presuntamente robara ropa de una tienda departamental, y se confirmara que tiene una orden de aprehensi\u00f3n vigente por el mismo delito.<br>La detenci\u00f3n de Ariel Stephanie H., de 31 a\u00f1os de edad, se registr\u00f3 a las 13:00 horas, en Ruiz Cortines y Guerrero en la colonia Victoria, donde se ubica la tienda Coppel.<br>Elementos de la Polic\u00eda de Monterrey realizaban un recorrido por el sector, cuando la dependiente de la tienda ubicada en la plaza C\u00e9ntrica, solicit\u00f3 su ayuda, ya que una mujer hab\u00eda ingresado a robar ropa de lencer\u00eda.<br>Al llegar los oficiales se percataron que la afectada, iba caminando tras una mujer, por lo que los polic\u00edas procedieron a detener a la presunta.<br>La afectada dijo que la mujer sustrajo 20 brasieres, mientras que en el C4i4, se confirm\u00f3 que contaba con una orden de aprehensi\u00f3n vigente por robo.<br>La detenida fue trasladada a las instalaciones de la Polic\u00eda de Monterrey, donde qued\u00f3 detenido a disposici\u00f3n de las autoridades competentes.<\/p>\n","protected":false},"excerpt":{"rendered":"<p>Una mujer originaria de California, fue detenida por oficiales de la Polic\u00eda de Monterrey, luego de que presuntamente robara ropa de una tienda departamental, y se confirmara que tiene una orden de aprehensi\u00f3n vigente por el mismo delito.La detenci\u00f3n de Ariel Stephanie H., de 31 a\u00f1os de edad, se registr\u00f3 a las 13:00 horas, en [&hellip;]<\/p>\n","protected":false},"author":1,"featured_media":111351,"comment_status":"open","ping_status":"open","sticky":true,"template":"","format":"standard","meta":{"footnotes":""},"categories":[14,7],"tags":[],"_links":{"self":[{"href":"https:\/\/diariodigitalmx.com\/index.php\/wp-json\/wp\/v2\/posts\/111349"}],"collection":[{"href":"https:\/\/diariodigitalmx.com\/index.php\/wp-json\/wp\/v2\/posts"}],"about":[{"href":"https:\/\/diariodigitalmx.com\/index.php\/wp-json\/wp\/v2\/types\/post"}],"author":[{"embeddable":true,"href":"https:\/\/diariodigitalmx.com\/index.php\/wp-json\/wp\/v2\/users\/1"}],"replies":[{"embeddable":true,"href":"https:\/\/diariodigitalmx.com\/index.php\/wp-json\/wp\/v2\/comments?post=111349"}],"version-history":[{"count":2,"href":"https:\/\/diariodigitalmx.com\/index.php\/wp-json\/wp\/v2\/posts\/111349\/revisions"}],"predecessor-version":[{"id":111353,"href":"https:\/\/diariodigitalmx.com\/index.php\/wp-json\/wp\/v2\/posts\/111349\/revisions\/111353"}],"wp:featuredmedia":[{"embeddable":true,"href":"https:\/\/diariodigitalmx.com\/index.php\/wp-json\/wp\/v2\/media\/111351"}],"wp:attachment":[{"href":"https:\/\/diariodigitalmx.com\/index.php\/wp-json\/wp\/v2\/media?parent=111349"}],"wp:term":[{"taxonomy":"category","embeddable":true,"href":"https:\/\/diariodigitalmx.com\/index.php\/wp-json\/wp\/v2\/categories?post=111349"},{"taxonomy":"post_tag","embeddable":true,"href":"https:\/\/diariodigitalmx.com\/index.php\/wp-json\/wp\/v2\/tags?post=111349"}],"curies":[{"name":"wp","href":"https:\/\/api.w.org\/{rel}","templated":true}]}}