{"id":111361,"date":"2023-12-19T22:37:21","date_gmt":"2023-12-20T04:37:21","guid":{"rendered":"http:\/\/diariodigitalmx.com\/?p=111361"},"modified":"2023-12-19T22:38:28","modified_gmt":"2023-12-20T04:38:28","slug":"asi-se-congela-laguna-en-puebla","status":"publish","type":"post","link":"https:\/\/diariodigitalmx.com\/index.php\/2023\/12\/19\/asi-se-congela-laguna-en-puebla\/","title":{"rendered":"As\u00ed se congela Laguna en Puebla"},"content":{"rendered":"\n<figure class=\"wp-block-video\"><video controls src=\"http:\/\/diariodigitalmx.com\/wp-content\/uploads\/2023\/12\/o0hzPnSM7FXb0wow.mp4\"><\/video><\/figure>\n\n\n\n<p>La laguna de Alchichica en Puebla, se congel\u00f3 debido a las bajas temperatura.<\/p>\n\n\n\n<p>Usuarios de redes sociales difundieron im\u00e1genes de c\u00f3mo luce el cuerpo de laguna ubicado en Tepeyahualco, en los l\u00edmites con Veracruz.<\/p>\n\n\n\n<p>Ante el fr\u00edo, el tono turquesa de la laguna qued\u00f3 bajo una capa de hielo generada por el descenso en la temperatura y bancos de niebla.<\/p>\n\n\n\n<p>La laguna de Alchichica, un \u00e1rea natural protegida, mide 2 kil\u00f3metros de di\u00e1metro y 60 metros de profundidad.<\/p>\n","protected":false},"excerpt":{"rendered":"<p>La laguna de Alchichica en Puebla, se congel\u00f3 debido a las bajas temperatura. Usuarios de redes sociales difundieron im\u00e1genes de c\u00f3mo luce el cuerpo de laguna ubicado en Tepeyahualco, en los l\u00edmites con Veracruz. Ante el fr\u00edo, el tono turquesa de la laguna qued\u00f3 bajo una capa de hielo generada por el descenso en la [&hellip;]<\/p>\n","protected":false},"author":1,"featured_media":111363,"comment_status":"open","ping_status":"open","sticky":true,"template":"","format":"standard","meta":{"footnotes":""},"categories":[14,2],"tags":[],"_links":{"self":[{"href":"https:\/\/diariodigitalmx.com\/index.php\/wp-json\/wp\/v2\/posts\/111361"}],"collection":[{"href":"https:\/\/diariodigitalmx.com\/index.php\/wp-json\/wp\/v2\/posts"}],"about":[{"href":"https:\/\/diariodigitalmx.com\/index.php\/wp-json\/wp\/v2\/types\/post"}],"author":[{"embeddable":true,"href":"https:\/\/diariodigitalmx.com\/index.php\/wp-json\/wp\/v2\/users\/1"}],"replies":[{"embeddable":true,"href":"https:\/\/diariodigitalmx.com\/index.php\/wp-json\/wp\/v2\/comments?post=111361"}],"version-history":[{"count":2,"href":"https:\/\/diariodigitalmx.com\/index.php\/wp-json\/wp\/v2\/posts\/111361\/revisions"}],"predecessor-version":[{"id":111365,"href":"https:\/\/diariodigitalmx.com\/index.php\/wp-json\/wp\/v2\/posts\/111361\/revisions\/111365"}],"wp:featuredmedia":[{"embeddable":true,"href":"https:\/\/diariodigitalmx.com\/index.php\/wp-json\/wp\/v2\/media\/111363"}],"wp:attachment":[{"href":"https:\/\/diariodigitalmx.com\/index.php\/wp-json\/wp\/v2\/media?parent=111361"}],"wp:term":[{"taxonomy":"category","embeddable":true,"href":"https:\/\/diariodigitalmx.com\/index.php\/wp-json\/wp\/v2\/categories?post=111361"},{"taxonomy":"post_tag","embeddable":true,"href":"https:\/\/diariodigitalmx.com\/index.php\/wp-json\/wp\/v2\/tags?post=111361"}],"curies":[{"name":"wp","href":"https:\/\/api.w.org\/{rel}","templated":true}]}}