{"id":111418,"date":"2023-12-20T22:39:29","date_gmt":"2023-12-21T04:39:29","guid":{"rendered":"http:\/\/diariodigitalmx.com\/?p=111418"},"modified":"2023-12-20T22:40:46","modified_gmt":"2023-12-21T04:40:46","slug":"solicita-derechos-humanos-a-educacion-de-nl-aceptar-medidas-precautorias-por-presunto-abuso-sexual-en-jardin-de-ninos","status":"publish","type":"post","link":"https:\/\/diariodigitalmx.com\/index.php\/2023\/12\/20\/solicita-derechos-humanos-a-educacion-de-nl-aceptar-medidas-precautorias-por-presunto-abuso-sexual-en-jardin-de-ninos\/","title":{"rendered":"Solicita Derechos Humanos a Educaci\u00f3n de NL aceptar medidas precautorias por presunto abuso sexual en jard\u00edn de ni\u00f1os"},"content":{"rendered":"\n<figure class=\"wp-block-image size-full\"><img loading=\"lazy\" decoding=\"async\" width=\"768\" height=\"432\" src=\"http:\/\/diariodigitalmx.com\/wp-content\/uploads\/2023\/12\/f768x1-232646_232773_0.jpg\" alt=\"\" class=\"wp-image-111422\" srcset=\"https:\/\/diariodigitalmx.com\/wp-content\/uploads\/2023\/12\/f768x1-232646_232773_0.jpg 768w, https:\/\/diariodigitalmx.com\/wp-content\/uploads\/2023\/12\/f768x1-232646_232773_0-300x169.jpg 300w\" sizes=\"(max-width: 768px) 100vw, 768px\" \/><\/figure>\n\n\n\n<p>Monterrey . &#8211; La Comisi\u00f3n Estatal de Derechos Humanos de de Nuevo Le\u00f3n envi\u00f3 un recordatorio a la Secretar\u00eda de Educaci\u00f3n Estatal sobre el cumplimiento de la medida precautoria emitida el pasado 13 de diciembre en torno al caso ocurrido en el Jard\u00edn de Ni\u00f1os \u201cJos\u00e9 Mar\u00eda Velasco\u201d, del municipio de San Nicol\u00e1s de los Garza, en el que presuntamente varias menores de edad fueron v\u00edctimas de abuso sexual por parte de una persona que trabajaba en una obra de construcci\u00f3n en el plantel educativo.<\/p>\n\n\n\n<p>Al darse a conocer el caso la CEDHNL inici\u00f3 de oficio el expediente de queja CEDHNL-2023\/253101 y emiti\u00f3 una medida precautoria a la autoridad educativa estatal en la que solicit\u00f3 que se realicen las acciones para evitar que las ni\u00f1as y ni\u00f1os presuntamente afectados, as\u00ed como sus madres y padres, contin\u00faen siendo objeto de cualquier tipo de maltrato en el plantel, o represalias por parte del personal docente o administrativo. Adem\u00e1s, pidi\u00f3 la implementaci\u00f3n del procedimiento en caso de acoso y violencia escolar, previsto en la normatividad aplicable, para emprender las acciones legales necesarias. Al d\u00eda de hoy, dicha medida no ha recibido respuesta por parte de la dependencia de Educaci\u00f3n.<\/p>\n\n\n\n<p>Solicit\u00f3 un informe sobre el seguimiento al caso y procedimientos implementados para proteger la integridad de las y los estudiantes, las acciones de investigaci\u00f3n realizadas por parte del personal directivo y docente del jard\u00edn de ni\u00f1os y si se ha dado conocimiento a la Fiscal\u00eda General de Justicia del Estado, as\u00ed como la intervenci\u00f3n que la momento han tenido otras instancias de la propia Secretar\u00eda vinculadas a la seguridad escolar y la atenci\u00f3n socioemocional.<\/p>\n\n\n\n<p>En octubre pasado, la CEDHNL notific\u00f3 a la Secretar\u00eda de Educaci\u00f3n del Estado su estatus como la segunda autoridad m\u00e1s se\u00f1alada en las quejas por presuntas violaciones a derechos humanos, e incluso las quejas recibidas por este organismo en el a\u00f1o 2023 registraron un incremento de casi 200 por ciento, respecto al 2022.<\/p>\n\n\n\n<p>De enero a noviembre, fueron registrados 404 expedientes de quejas a la autoridad educativa, por hechos que encuadran en la obstaculizaci\u00f3n, restricci\u00f3n o injerencias en contra del inter\u00e9s superior de la ni\u00f1ez, as\u00ed como la negativa de proteger la integridad f\u00edsica, y omisi\u00f3n para prestar auxilio cuando ocurre violencia en los centros escolares.<\/p>\n\n\n\n<p>Asimismo se recibieron quejas por motivo de restricci\u00f3n del derecho a la educaci\u00f3n, negativa a un ambiente libre de violencia, omisi\u00f3n en la observancia de la normatividad, falta de supervisi\u00f3n a la infraestructura educativa y obstaculizaci\u00f3n en la garant\u00eda de derechos de las personas con discapacidad.<\/p>\n\n\n\n<p>La CEDHNL ha buscado la vinculaci\u00f3n con la Secretar\u00eda de Educaci\u00f3n a fin de concertar visitas de inspecci\u00f3n a los centros educativos, programas de capacitaci\u00f3n para el personal docente y administrativo, as\u00ed como cursos de promoci\u00f3n sobre los derechos de la infancia dirigidos a la poblaci\u00f3n estudiantil, madres y padres de familia y personal docente.<br>La Secretar\u00eda de Educaci\u00f3n de Nuevo Le\u00f3n inform\u00f3 que en caso de un acoso sexual, la integridad de los ni\u00f1os y las ni\u00f1as es lo m\u00e1s importante.<\/p>\n\n\n\n<p>&#8220;Tal es el caso del jard\u00edn de ni\u00f1os Jos\u00e9 Mar\u00eda Velasco, donde menores de edad sufrieron un posible comportamiento inapropiado por parte de un alba\u00f1il de una empresa constructora subcontratada por el ICIFED&#8221;, se\u00f1al\u00f3 en un comunicado.<\/p>\n\n\n\n<p>El Departamento Jur\u00eddico de la Secretar\u00eda, agreg\u00f3, ayudar\u00e1 a los familiares a conducir su denuncia ante la Fiscal\u00eda General de Justicia del Estado, que realiza las investigaciones correspondientes, adem\u00e1s de que se revisar\u00e1 el comportamiento de la directora del plantel.<\/p>\n","protected":false},"excerpt":{"rendered":"<p>Monterrey . &#8211; La Comisi\u00f3n Estatal de Derechos Humanos de de Nuevo Le\u00f3n envi\u00f3 un recordatorio a la Secretar\u00eda de Educaci\u00f3n Estatal sobre el cumplimiento de la medida precautoria emitida el pasado 13 de diciembre en torno al caso ocurrido en el Jard\u00edn de Ni\u00f1os \u201cJos\u00e9 Mar\u00eda Velasco\u201d, del municipio de San Nicol\u00e1s de los [&hellip;]<\/p>\n","protected":false},"author":1,"featured_media":111420,"comment_status":"open","ping_status":"open","sticky":true,"template":"","format":"standard","meta":{"footnotes":""},"categories":[6,3],"tags":[],"_links":{"self":[{"href":"https:\/\/diariodigitalmx.com\/index.php\/wp-json\/wp\/v2\/posts\/111418"}],"collection":[{"href":"https:\/\/diariodigitalmx.com\/index.php\/wp-json\/wp\/v2\/posts"}],"about":[{"href":"https:\/\/diariodigitalmx.com\/index.php\/wp-json\/wp\/v2\/types\/post"}],"author":[{"embeddable":true,"href":"https:\/\/diariodigitalmx.com\/index.php\/wp-json\/wp\/v2\/users\/1"}],"replies":[{"embeddable":true,"href":"https:\/\/diariodigitalmx.com\/index.php\/wp-json\/wp\/v2\/comments?post=111418"}],"version-history":[{"count":2,"href":"https:\/\/diariodigitalmx.com\/index.php\/wp-json\/wp\/v2\/posts\/111418\/revisions"}],"predecessor-version":[{"id":111423,"href":"https:\/\/diariodigitalmx.com\/index.php\/wp-json\/wp\/v2\/posts\/111418\/revisions\/111423"}],"wp:featuredmedia":[{"embeddable":true,"href":"https:\/\/diariodigitalmx.com\/index.php\/wp-json\/wp\/v2\/media\/111420"}],"wp:attachment":[{"href":"https:\/\/diariodigitalmx.com\/index.php\/wp-json\/wp\/v2\/media?parent=111418"}],"wp:term":[{"taxonomy":"category","embeddable":true,"href":"https:\/\/diariodigitalmx.com\/index.php\/wp-json\/wp\/v2\/categories?post=111418"},{"taxonomy":"post_tag","embeddable":true,"href":"https:\/\/diariodigitalmx.com\/index.php\/wp-json\/wp\/v2\/tags?post=111418"}],"curies":[{"name":"wp","href":"https:\/\/api.w.org\/{rel}","templated":true}]}}