{"id":111464,"date":"2023-12-21T20:24:31","date_gmt":"2023-12-22T02:24:31","guid":{"rendered":"http:\/\/diariodigitalmx.com\/?p=111464"},"modified":"2023-12-21T20:26:40","modified_gmt":"2023-12-22T02:26:40","slug":"emilio-cepeda-seleccionado-para-el-torneo-del-sol","status":"publish","type":"post","link":"https:\/\/diariodigitalmx.com\/index.php\/2023\/12\/21\/emilio-cepeda-seleccionado-para-el-torneo-del-sol\/","title":{"rendered":"Emilio Cepeda, seleccionado para el Torneo del Sol"},"content":{"rendered":"\n<figure class=\"wp-block-image size-large\"><img loading=\"lazy\" decoding=\"async\" width=\"1024\" height=\"1024\" src=\"http:\/\/diariodigitalmx.com\/wp-content\/uploads\/2023\/12\/IMG_20231221_202325_966-1024x1024.webp\" alt=\"\" class=\"wp-image-111469\" srcset=\"https:\/\/diariodigitalmx.com\/wp-content\/uploads\/2023\/12\/IMG_20231221_202325_966-1024x1024.webp 1024w, https:\/\/diariodigitalmx.com\/wp-content\/uploads\/2023\/12\/IMG_20231221_202325_966-300x300.webp 300w, https:\/\/diariodigitalmx.com\/wp-content\/uploads\/2023\/12\/IMG_20231221_202325_966-150x150.webp 150w, https:\/\/diariodigitalmx.com\/wp-content\/uploads\/2023\/12\/IMG_20231221_202325_966-768x768.webp 768w, https:\/\/diariodigitalmx.com\/wp-content\/uploads\/2023\/12\/IMG_20231221_202325_966.webp 1080w\" sizes=\"(max-width: 1024px) 100vw, 1024px\" \/><\/figure>\n\n\n\n<p>*El delantero fue elegido para participar en el certamen como parte de las \u2018Estrellas Premier\u2019<br>Por Gerardo Su\u00e1rez \/ Prensa Santiago FC<br>Emilio Cepeda, fue confirmado como parte de las \u2018Estrellas Premier\u2019, el selectivo Sub-17 que participar\u00e1 en el prestigioso \u2018Torneo del Sol\u2019 a celebrarse en el venidero mes de enero.<br>\u2018Chiskis\u2019, como es cari\u00f1osamente conocido, se unir\u00e1 al equipo que encabeza el profesor C\u00e9sar Vega Perrone, junto a 21 elementos m\u00e1s de los diferentes equipos del circuito de ascenso.<\/p>\n\n\n\n<figure class=\"wp-block-image size-large\"><img loading=\"lazy\" decoding=\"async\" width=\"1024\" height=\"1024\" src=\"http:\/\/diariodigitalmx.com\/wp-content\/uploads\/2023\/12\/IMG_20231221_202326_090-1024x1024.webp\" alt=\"\" class=\"wp-image-111467\" srcset=\"https:\/\/diariodigitalmx.com\/wp-content\/uploads\/2023\/12\/IMG_20231221_202326_090-1024x1024.webp 1024w, https:\/\/diariodigitalmx.com\/wp-content\/uploads\/2023\/12\/IMG_20231221_202326_090-300x300.webp 300w, https:\/\/diariodigitalmx.com\/wp-content\/uploads\/2023\/12\/IMG_20231221_202326_090-150x150.webp 150w, https:\/\/diariodigitalmx.com\/wp-content\/uploads\/2023\/12\/IMG_20231221_202326_090-768x768.webp 768w, https:\/\/diariodigitalmx.com\/wp-content\/uploads\/2023\/12\/IMG_20231221_202326_090.webp 1080w\" sizes=\"(max-width: 1024px) 100vw, 1024px\" \/><\/figure>\n\n\n\n<p>Cepeda, quien se desempe\u00f1a como delantero, realiz\u00f3 un gran trabajo en los distintos campamentos realizados en las instalaciones de la Federaci\u00f3n Mexicana de Futbol por lo cual se gan\u00f3 un lugar.<br>Nuestro jugador, nuevo leon\u00e9s de nacimiento y vecino del municipio de Escobedo, debut\u00f3 en la presente temporada dentro de la Liga Premier Serie B. Despu\u00e9s de la primera ronda, Emilio vio acci\u00f3n en cuatro partidos.<br>\u00a1Mucho \u00e9xito, Emilio y a poner en alto el Orgullo Santiago!<\/p>\n","protected":false},"excerpt":{"rendered":"<p>*El delantero fue elegido para participar en el certamen como parte de las \u2018Estrellas Premier\u2019Por Gerardo Su\u00e1rez \/ Prensa Santiago FCEmilio Cepeda, fue confirmado como parte de las \u2018Estrellas Premier\u2019, el selectivo Sub-17 que participar\u00e1 en el prestigioso \u2018Torneo del Sol\u2019 a celebrarse en el venidero mes de enero.\u2018Chiskis\u2019, como es cari\u00f1osamente conocido, se unir\u00e1 [&hellip;]<\/p>\n","protected":false},"author":1,"featured_media":111466,"comment_status":"open","ping_status":"open","sticky":true,"template":"","format":"standard","meta":{"footnotes":""},"categories":[8,14],"tags":[],"_links":{"self":[{"href":"https:\/\/diariodigitalmx.com\/index.php\/wp-json\/wp\/v2\/posts\/111464"}],"collection":[{"href":"https:\/\/diariodigitalmx.com\/index.php\/wp-json\/wp\/v2\/posts"}],"about":[{"href":"https:\/\/diariodigitalmx.com\/index.php\/wp-json\/wp\/v2\/types\/post"}],"author":[{"embeddable":true,"href":"https:\/\/diariodigitalmx.com\/index.php\/wp-json\/wp\/v2\/users\/1"}],"replies":[{"embeddable":true,"href":"https:\/\/diariodigitalmx.com\/index.php\/wp-json\/wp\/v2\/comments?post=111464"}],"version-history":[{"count":3,"href":"https:\/\/diariodigitalmx.com\/index.php\/wp-json\/wp\/v2\/posts\/111464\/revisions"}],"predecessor-version":[{"id":111471,"href":"https:\/\/diariodigitalmx.com\/index.php\/wp-json\/wp\/v2\/posts\/111464\/revisions\/111471"}],"wp:featuredmedia":[{"embeddable":true,"href":"https:\/\/diariodigitalmx.com\/index.php\/wp-json\/wp\/v2\/media\/111466"}],"wp:attachment":[{"href":"https:\/\/diariodigitalmx.com\/index.php\/wp-json\/wp\/v2\/media?parent=111464"}],"wp:term":[{"taxonomy":"category","embeddable":true,"href":"https:\/\/diariodigitalmx.com\/index.php\/wp-json\/wp\/v2\/categories?post=111464"},{"taxonomy":"post_tag","embeddable":true,"href":"https:\/\/diariodigitalmx.com\/index.php\/wp-json\/wp\/v2\/tags?post=111464"}],"curies":[{"name":"wp","href":"https:\/\/api.w.org\/{rel}","templated":true}]}}