{"id":111472,"date":"2023-12-22T00:09:37","date_gmt":"2023-12-22T06:09:37","guid":{"rendered":"http:\/\/diariodigitalmx.com\/?p=111472"},"modified":"2023-12-22T00:10:17","modified_gmt":"2023-12-22T06:10:17","slug":"morelos-a-208-anos-de-su-ejecucion","status":"publish","type":"post","link":"https:\/\/diariodigitalmx.com\/index.php\/2023\/12\/22\/morelos-a-208-anos-de-su-ejecucion\/","title":{"rendered":"Morelos a 208 a\u00f1os de su ejecuci\u00f3n"},"content":{"rendered":"\n<p>\u00d3scar Tamez Rodr\u00edguez <\/p>\n\n\n\n<p>Jos\u00e9 Ma. Morelos y Pav\u00f3n fue ejecutado por los ej\u00e9rcitos realistas el 22 de diciembre de1815. Con su muerte concluye la segunda etapa de la insurgencia, la ideol\u00f3gica, la que dio forma pol\u00edtica y jur\u00eddica a la revoluci\u00f3n iniciada por Hidalgo en 1810.<\/p>\n\n\n\n<p>Para el rey Fernando VII era el m\u00e1s peligroso de los revolucionarios pues dio identidad al movimiento, de ah\u00ed que intentaran a toda costa eliminarlo del escenario.<\/p>\n\n\n\n<p>El 14 de septiembre de 1813 se instala en Congreso Constituyente de An\u00e1huac o de Chilpancingo en el cual se redactar\u00e1 la primera Constituci\u00f3n elaborada por mexicanos para la naci\u00f3n en ciernes y que ser\u00e1 conocida como de Apatzing\u00e1n por signarse el 22 de octubre de 1814 en ese poblado.<\/p>\n\n\n\n<p>La persecuci\u00f3n de los realistas fue sin tregua, los constituyentes viv\u00edan a salto de mata. Junto a ello, las intrigas internas de los revolucionarios quienes tem\u00edan a la fuerza militar y al pensamiento democr\u00e1tico de Jos\u00e9 Ma. Morelos, por lo que rehu\u00edan verse con \u00e9l mientras escapaban.<\/p>\n\n\n\n<p>Destituido del poder ejecutivo, asume la diputaci\u00f3n como constituyente entre febrero y marzo de 1814 cuando se ampl\u00eda el n\u00famero de diputados, en ese momento Morelos es designado como legislador por el Nuevo Reino de Le\u00f3n, el primer diputado constituyente de la entidad.<\/p>\n\n\n\n<p>Frente a la inquisici\u00f3n reconoce que no aporta mucho al texto constitucional y que \u00e9sta no era a su gusto, pues entre otras cosas, planteaba un gobierno parlamentario y \u00e9l lo ve\u00eda presidencialista.<\/p>\n\n\n\n<p>Al firmar la Carta Magna, los constituyentes abandonan Apatzing\u00e1n por el asedio realista, Morelos sirve de se\u00f1uelo para proteger a los dem\u00e1s constituyentes en su huida. Finalmente, y ante la negativa de brindarle socorro por parte de los otros caudillos como Nicol\u00e1s Bravo o Vicente Guerrero, cede al embate del teniente coronel Manuel de la Concha y cae preso el 5 de noviembre de 1815 como consecuencia del quebranto armament\u00edstico y f\u00edsico de su ej\u00e9rcito.<\/p>\n\n\n\n<p>Es v\u00edctima de un juicio sumario en donde resulta culpable de traici\u00f3n a la patria como se lee en la notificaci\u00f3n de Concha del 21 de diciembre de 1815. \u201cPas\u00f3 [Manuel de la Concha] con asistencia de mi secretario a la prisi\u00f3n donde se halla Jos\u00e9 Mar\u00eda Morelos, reo en esta causa a efecto de notific\u00e1rsela, y habi\u00e9ndolo hecho poner de rodillas le le\u00ed la sentencia de ser pasado por las armas por la espalda como traidor al rey\u2026\u201d.<\/p>\n\n\n\n<p>La notificaci\u00f3n se da un d\u00eda antes de la ejecuci\u00f3n y un d\u00eda posterior al que F\u00e9lix Calleja redactara la sentencia. Les urg\u00eda acabar con el caudillo que conjuntaba pensamiento filos\u00f3fico-jur\u00eddico, intuici\u00f3n pol\u00edtica y estrategia militar en su persona. Pensaban que al morir aniquilaban el movimiento; s\u00ed lo debilitaron, pero no lo acabaron; continuar\u00eda la lucha gracias a Nicol\u00e1s Bravo, Vicente Guerrero, Guadalupe Victoria y m\u00e1s tarde con el arribo de Fray Servando Teresa de Mier y Xavier Mina.<\/p>\n\n\n\n<p>El cumplimiento de la sentencia se da a las tres de la tarde del 22 de diciembre de ese a\u00f1o. Manuel de la Concha detalla en el parte que fusil\u00f3 por la espalda al l\u00edder insurgente, esto en presencia de la secci\u00f3n a su mando y la guarnici\u00f3n destacada en el sitio.<\/p>\n\n\n\n<p>Describe en el parte que el insurgente fue acompa\u00f1ado por el Padre capell\u00e1n de la secci\u00f3n desde la prisi\u00f3n hasta el sitio de la ejecuci\u00f3n, adem\u00e1s le proporcion\u00f3 \u201cal cura de este pueblo, y su vicario, quienes lo asistieron desde tres horas antes de su muerte\u2026\u201d. A las cuatro de la tarde fue sepultado en la parroquia del pueblo.<\/p>\n\n\n\n<p>Con la muerte de Morelos termina una etapa de la insurgencia, pero comienza una p\u00e1gina en la historia nacional.<\/p>\n","protected":false},"excerpt":{"rendered":"<p>\u00d3scar Tamez Rodr\u00edguez Jos\u00e9 Ma. Morelos y Pav\u00f3n fue ejecutado por los ej\u00e9rcitos realistas el 22 de diciembre de1815. Con su muerte concluye la segunda etapa de la insurgencia, la ideol\u00f3gica, la que dio forma pol\u00edtica y jur\u00eddica a la revoluci\u00f3n iniciada por Hidalgo en 1810. Para el rey Fernando VII era el m\u00e1s peligroso [&hellip;]<\/p>\n","protected":false},"author":1,"featured_media":111474,"comment_status":"open","ping_status":"open","sticky":true,"template":"","format":"standard","meta":{"footnotes":""},"categories":[14,12],"tags":[],"_links":{"self":[{"href":"https:\/\/diariodigitalmx.com\/index.php\/wp-json\/wp\/v2\/posts\/111472"}],"collection":[{"href":"https:\/\/diariodigitalmx.com\/index.php\/wp-json\/wp\/v2\/posts"}],"about":[{"href":"https:\/\/diariodigitalmx.com\/index.php\/wp-json\/wp\/v2\/types\/post"}],"author":[{"embeddable":true,"href":"https:\/\/diariodigitalmx.com\/index.php\/wp-json\/wp\/v2\/users\/1"}],"replies":[{"embeddable":true,"href":"https:\/\/diariodigitalmx.com\/index.php\/wp-json\/wp\/v2\/comments?post=111472"}],"version-history":[{"count":1,"href":"https:\/\/diariodigitalmx.com\/index.php\/wp-json\/wp\/v2\/posts\/111472\/revisions"}],"predecessor-version":[{"id":111473,"href":"https:\/\/diariodigitalmx.com\/index.php\/wp-json\/wp\/v2\/posts\/111472\/revisions\/111473"}],"wp:featuredmedia":[{"embeddable":true,"href":"https:\/\/diariodigitalmx.com\/index.php\/wp-json\/wp\/v2\/media\/111474"}],"wp:attachment":[{"href":"https:\/\/diariodigitalmx.com\/index.php\/wp-json\/wp\/v2\/media?parent=111472"}],"wp:term":[{"taxonomy":"category","embeddable":true,"href":"https:\/\/diariodigitalmx.com\/index.php\/wp-json\/wp\/v2\/categories?post=111472"},{"taxonomy":"post_tag","embeddable":true,"href":"https:\/\/diariodigitalmx.com\/index.php\/wp-json\/wp\/v2\/tags?post=111472"}],"curies":[{"name":"wp","href":"https:\/\/api.w.org\/{rel}","templated":true}]}}