{"id":111546,"date":"2023-12-25T00:04:49","date_gmt":"2023-12-25T06:04:49","guid":{"rendered":"http:\/\/diariodigitalmx.com\/?p=111546"},"modified":"2023-12-25T00:08:00","modified_gmt":"2023-12-25T06:08:00","slug":"los-libros-de-la-semana-7","status":"publish","type":"post","link":"https:\/\/diariodigitalmx.com\/index.php\/2023\/12\/25\/los-libros-de-la-semana-7\/","title":{"rendered":"Los libros de la semana"},"content":{"rendered":"\n<p>Memorias de Polanski<br>Gerson G\u00f3mez Salas<br>Si fuese un ente de ficci\u00f3n (el dudoso h\u00e9roe de una epopeya moral a la americana, pongamos por caso), Roman Polanski ser\u00eda un personaje definitivamente inveros\u00edmil. Recordemos tres escalofr\u00edos: infancia en el gueto jud\u00edo de Cracovia durante la ocupaci\u00f3n nazi y muerte de su madre en Auschwitz; brutal asesinato de su mujer embarazada, la actriz Sharon Tate, por la secta de Charles Manson; presunta violaci\u00f3n de una menor en Los \u00c1ngeles y huida de Estados Unidos, caso cuya sinuosa estela se prolonga hasta nuestros d\u00edas. Bastar\u00eda uno de estos lances para saturar el argumento, pero ha habido muchos otros y de muy variada naturaleza: juergas hom\u00e9ricas, amistades egregias, amistades peligrosas, d\u00edas de gloria, d\u00edas aciagos, premios, castigos y, por encima de todo, algunas de las pel\u00edculas m\u00e1s poderosas e inquietantes de los \u00faltimos sesenta a\u00f1os. Pocas vidas suministran tanto material para el recuerdo, tanto ruido y tanta furia. Aunque aparecieron originalmente en 1981, las peripecias legales que siguieron a la detenci\u00f3n del autor impidieron la circulaci\u00f3n de estas memorias durante varias d\u00e9cadas. Superadas esas trabas, vuelven por fin a la luz con importantes correcciones y un nuevo ep\u00edlogo donde el propio Polanski contempla el largo camino recorrido y le ajusta las cuentas a su turbulento pasado. El relato se lee como una gran novela, pero su protagonista (h\u00e9roe o villano) no es el invento de una imaginaci\u00f3n febril. Aunque parezca mentira.<\/p>\n\n\n\n<figure class=\"wp-block-image size-full\"><img loading=\"lazy\" decoding=\"async\" width=\"300\" height=\"453\" src=\"http:\/\/diariodigitalmx.com\/wp-content\/uploads\/2023\/12\/978841708148.jpg\" alt=\"\" class=\"wp-image-111550\" srcset=\"https:\/\/diariodigitalmx.com\/wp-content\/uploads\/2023\/12\/978841708148.jpg 300w, https:\/\/diariodigitalmx.com\/wp-content\/uploads\/2023\/12\/978841708148-199x300.jpg 199w\" sizes=\"(max-width: 300px) 100vw, 300px\" \/><\/figure>\n\n\n\n<p>Metallica. Nacer Crecer Morir \/ Vol. 1 \/ Pd.<br>Metallica es una de las bandas m\u00e1s poderosas, espectaculares y explosivas de todos los tiempos, pero el largo camino desde el anonimato hasta los grandes estadios de todo el mundo ha sido dram\u00e1tico y en ocasiones tremendamente doloroso.<br>Esa es la historia que narra por fin este libro, primer volumen de un relato exhaustivo construido a partir de minuciosas conversaciones con los protagonistas y con todos los individuos que han jugado papeles significativos en torno a ellos.<br>Winwood y Brannigan recorren aqu\u00ed la primera mitad del trayecto, la \u00e9poca que culmina con la aparici\u00f3n del \u201cBlack Album\u201d.<\/p>\n\n\n\n<figure class=\"wp-block-image size-full\"><img loading=\"lazy\" decoding=\"async\" width=\"225\" height=\"225\" src=\"http:\/\/diariodigitalmx.com\/wp-content\/uploads\/2023\/12\/lodz.jpg\" alt=\"\" class=\"wp-image-111553\" srcset=\"https:\/\/diariodigitalmx.com\/wp-content\/uploads\/2023\/12\/lodz.jpg 225w, https:\/\/diariodigitalmx.com\/wp-content\/uploads\/2023\/12\/lodz-150x150.jpg 150w\" sizes=\"(max-width: 225px) 100vw, 225px\" \/><\/figure>\n\n\n\n<p>El \u00e1rbol del diablo de Jerzy KosinskEl \u00e1rbol del diablo de Jerzy Kosinski Este libro es una marcada desde la ni\u00f1ez por la inmensa fortuna de su padre, la vida de Jonathan James Whalen ha sido una constante hu\u00edda de una realidad que se le antoja anodina, de una historia familiar que somete su voluntad y de un listado de convenciones sociales que lo encorsetan.<br>Y con su fuga se solaza en los mejores salvoconductos que la clase alta estadounidense de los setenta puede ofrecer: sexo, violencia y drogas; cualquier chispa que azuce la b\u00fasqueda desaforada de ese algo m\u00e1s real que el subid\u00f3n artificial del poder y el estatus.<br>Luego de unos a\u00f1os en el exilio, Whalen vuelve a casa y se encuentra con los r\u00e9ditos de su imperio acerero y la decadencia de un sue\u00f1o americano transformado en pesadilla: una sociedad inequitativa, s\u00e1dica, adicta al consumo y a la deificaci\u00f3n del yo. Es entonces cuando decide emprender una traves\u00eda final para hacer frente al terror del que ha escapado durante toda su vida: \u00e9l mismo.<\/p>\n\n\n\n<figure class=\"wp-block-image size-full\"><img loading=\"lazy\" decoding=\"async\" width=\"300\" height=\"480\" src=\"http:\/\/diariodigitalmx.com\/wp-content\/uploads\/2023\/12\/978841708177.jpg\" alt=\"\" class=\"wp-image-111555\" srcset=\"https:\/\/diariodigitalmx.com\/wp-content\/uploads\/2023\/12\/978841708177.jpg 300w, https:\/\/diariodigitalmx.com\/wp-content\/uploads\/2023\/12\/978841708177-188x300.jpg 188w\" sizes=\"(max-width: 300px) 100vw, 300px\" \/><\/figure>\n\n\n\n<p>Mafia Life: Amor, muerte y dinero en el coraz\u00f3n del crimen organizado<br>La Yakuza japonesa, las triadas chinas, la Cosa Nostra siciliana, la Ndrangheta calabresa, la Mafia norteamericana, las poderosas mafias rusas\u2026 \u00bfQu\u00e9 significa pertenecer a una organizaci\u00f3n mafiosa? \u00bfC\u00f3mo se entra y se asciende? \u00bfQu\u00e9 ocurre si rompes las reglas? Federico Varese ha estudiado durante d\u00e9cadas las entra\u00f1as de las grandes organizaciones criminales y lo ha hecho sobre el terreno, infiltr\u00e1ndose en ceremonias de iniciaci\u00f3n, visitando los clubs donde se entretienen los capos m\u00e1s sanguinarios, asistiendo a discretas reuniones en hoteles de lujo\u2026 Desde Rusia hasta Dub\u00e1i pasando por Londres, Palermo o Nueva York, ha recorrido el mundo en busca de secretos que nadie hasta ahora hab\u00eda desvelado. He aqu\u00ed el retrato y la historia de un universo dominado por el miedo, la muerte y el dolor.<\/p>\n","protected":false},"excerpt":{"rendered":"<p>Memorias de PolanskiGerson G\u00f3mez SalasSi fuese un ente de ficci\u00f3n (el dudoso h\u00e9roe de una epopeya moral a la americana, pongamos por caso), Roman Polanski ser\u00eda un personaje definitivamente inveros\u00edmil. Recordemos tres escalofr\u00edos: infancia en el gueto jud\u00edo de Cracovia durante la ocupaci\u00f3n nazi y muerte de su madre en Auschwitz; brutal asesinato de su [&hellip;]<\/p>\n","protected":false},"author":1,"featured_media":111548,"comment_status":"open","ping_status":"open","sticky":true,"template":"","format":"standard","meta":{"footnotes":""},"categories":[11,14],"tags":[],"_links":{"self":[{"href":"https:\/\/diariodigitalmx.com\/index.php\/wp-json\/wp\/v2\/posts\/111546"}],"collection":[{"href":"https:\/\/diariodigitalmx.com\/index.php\/wp-json\/wp\/v2\/posts"}],"about":[{"href":"https:\/\/diariodigitalmx.com\/index.php\/wp-json\/wp\/v2\/types\/post"}],"author":[{"embeddable":true,"href":"https:\/\/diariodigitalmx.com\/index.php\/wp-json\/wp\/v2\/users\/1"}],"replies":[{"embeddable":true,"href":"https:\/\/diariodigitalmx.com\/index.php\/wp-json\/wp\/v2\/comments?post=111546"}],"version-history":[{"count":4,"href":"https:\/\/diariodigitalmx.com\/index.php\/wp-json\/wp\/v2\/posts\/111546\/revisions"}],"predecessor-version":[{"id":111557,"href":"https:\/\/diariodigitalmx.com\/index.php\/wp-json\/wp\/v2\/posts\/111546\/revisions\/111557"}],"wp:featuredmedia":[{"embeddable":true,"href":"https:\/\/diariodigitalmx.com\/index.php\/wp-json\/wp\/v2\/media\/111548"}],"wp:attachment":[{"href":"https:\/\/diariodigitalmx.com\/index.php\/wp-json\/wp\/v2\/media?parent=111546"}],"wp:term":[{"taxonomy":"category","embeddable":true,"href":"https:\/\/diariodigitalmx.com\/index.php\/wp-json\/wp\/v2\/categories?post=111546"},{"taxonomy":"post_tag","embeddable":true,"href":"https:\/\/diariodigitalmx.com\/index.php\/wp-json\/wp\/v2\/tags?post=111546"}],"curies":[{"name":"wp","href":"https:\/\/api.w.org\/{rel}","templated":true}]}}