{"id":111564,"date":"2023-12-26T08:23:00","date_gmt":"2023-12-26T14:23:00","guid":{"rendered":"http:\/\/diariodigitalmx.com\/?p=111564"},"modified":"2023-12-26T08:23:35","modified_gmt":"2023-12-26T14:23:35","slug":"muere-el-senador-armando-guadiana","status":"publish","type":"post","link":"https:\/\/diariodigitalmx.com\/index.php\/2023\/12\/26\/muere-el-senador-armando-guadiana\/","title":{"rendered":"Muere el senador Armando Guadiana"},"content":{"rendered":"\n<p>Monterrey . &#8211; Debido al c\u00e1ncer de pr\u00f3stata que padec\u00eda desde hac\u00eda a\u00f1os, muri\u00f3 el senador coahuilense por Morena, Armando Guadiana Tijerina a los 77 a\u00f1os.<\/p>\n\n\n\n<p>El tambi\u00e9n empresario muri\u00f3 la madrugada de este martes cuando estaba internado en un hospital privada de Monterrey.<\/p>\n\n\n\n<p>Su hijo, del mismo nombre, inform\u00f3 de la muerte de su padre a trav\u00e9s de sus redes sociales.<\/p>\n\n\n\n<p>El empresario de la industria del carb\u00f3n que fue en la pasada elecci\u00f3n coahuilense candidato a la Gubernatura de Coahuila, enfrentaba unq lucha contra el c\u00e1ncer de pr\u00f3stata que padec\u00eda desde 2017.<\/p>\n\n\n\n<p>En octubre pasado Guadiana ingres\u00f3 a un hospital de Houston, Texas, para atender el c\u00e1ncer de pr\u00f3stata.<\/p>\n","protected":false},"excerpt":{"rendered":"<p>Monterrey . &#8211; Debido al c\u00e1ncer de pr\u00f3stata que padec\u00eda desde hac\u00eda a\u00f1os, muri\u00f3 el senador coahuilense por Morena, Armando Guadiana Tijerina a los 77 a\u00f1os. El tambi\u00e9n empresario muri\u00f3 la madrugada de este martes cuando estaba internado en un hospital privada de Monterrey. Su hijo, del mismo nombre, inform\u00f3 de la muerte de su [&hellip;]<\/p>\n","protected":false},"author":1,"featured_media":111566,"comment_status":"open","ping_status":"open","sticky":true,"template":"","format":"standard","meta":{"footnotes":""},"categories":[14,2],"tags":[],"_links":{"self":[{"href":"https:\/\/diariodigitalmx.com\/index.php\/wp-json\/wp\/v2\/posts\/111564"}],"collection":[{"href":"https:\/\/diariodigitalmx.com\/index.php\/wp-json\/wp\/v2\/posts"}],"about":[{"href":"https:\/\/diariodigitalmx.com\/index.php\/wp-json\/wp\/v2\/types\/post"}],"author":[{"embeddable":true,"href":"https:\/\/diariodigitalmx.com\/index.php\/wp-json\/wp\/v2\/users\/1"}],"replies":[{"embeddable":true,"href":"https:\/\/diariodigitalmx.com\/index.php\/wp-json\/wp\/v2\/comments?post=111564"}],"version-history":[{"count":1,"href":"https:\/\/diariodigitalmx.com\/index.php\/wp-json\/wp\/v2\/posts\/111564\/revisions"}],"predecessor-version":[{"id":111565,"href":"https:\/\/diariodigitalmx.com\/index.php\/wp-json\/wp\/v2\/posts\/111564\/revisions\/111565"}],"wp:featuredmedia":[{"embeddable":true,"href":"https:\/\/diariodigitalmx.com\/index.php\/wp-json\/wp\/v2\/media\/111566"}],"wp:attachment":[{"href":"https:\/\/diariodigitalmx.com\/index.php\/wp-json\/wp\/v2\/media?parent=111564"}],"wp:term":[{"taxonomy":"category","embeddable":true,"href":"https:\/\/diariodigitalmx.com\/index.php\/wp-json\/wp\/v2\/categories?post=111564"},{"taxonomy":"post_tag","embeddable":true,"href":"https:\/\/diariodigitalmx.com\/index.php\/wp-json\/wp\/v2\/tags?post=111564"}],"curies":[{"name":"wp","href":"https:\/\/api.w.org\/{rel}","templated":true}]}}