{"id":111570,"date":"2023-12-26T08:43:56","date_gmt":"2023-12-26T14:43:56","guid":{"rendered":"http:\/\/diariodigitalmx.com\/?p=111570"},"modified":"2023-12-26T08:44:34","modified_gmt":"2023-12-26T14:44:34","slug":"dias-de-guardar","status":"publish","type":"post","link":"https:\/\/diariodigitalmx.com\/index.php\/2023\/12\/26\/dias-de-guardar\/","title":{"rendered":"D\u00edas de guardar"},"content":{"rendered":"\n<p>Ra\u00fal Guajardo Cant\u00fa<br>Si tuvo la oportunidad de transitar el d\u00eda 25, ayer, por las calles de la ciudad de Monterrey, seguramente se habr\u00e1 dado cuenta que los problemas de embotellamientos y las tardanzas no se presentaban por ning\u00fan lado.<br>Quiz\u00e1 los usuarios del transporte p\u00fablico se encontraron con el hecho de que los camiones pasaban con m\u00e1s tiempo de diferencia entre ellos, el Metro recort\u00f3 su horario pero, pese a todo, no hubo problemas dado que la actividad en la ciudad decreci\u00f3 precisamente debido a que fue un d\u00eda inh\u00e1bil laboralmente hablando.<br>Quiz\u00e1, quienes tienen cierta edad pueden recordar la vialidad que se presentaba durante los a\u00f1os 60 o 70 del siglo pasado, el aire aunque ya presentaba las primeras se\u00f1ales de contaminantes, era considerablemente m\u00e1s limpio que el que hoy nos toca respirar.<br>Los desplazamientos para quienes ten\u00edan un veh\u00edculo eran pr\u00e1cticamente paseos por la ciudad, las prisas eran de alguna u otra forma casi desconocidas.<br>Por otra parte, los problemas de agua ya se dejaban ver en algunos momentos, incluso el gobernador de finales de los setenta, Alfonso Mart\u00ednez Dom\u00ednguez, ya se\u00f1alaba que si no se limitaba el crecimiento del \u00c1rea Metropolitana de Monterrey, ser\u00eda imposible encontrar las fuentes para mantener el abastecimiento del l\u00edquido, a menos que se lograra traer desde el r\u00edo P\u00e1nuco.<br>No se limit\u00f3 el crecimiento de la urbe y hoy somos m\u00e1s de 6 millones de habitantes en el AMM y no solo escasea el agua, tambi\u00e9n las casas habitaci\u00f3n cercanas a los lugares de trabajo con el consiguiente crecimiento de los problemas de movilidad.<br>Todo eso nos pusimos a pensar al transitar por las calles semi vac\u00edas de la ciudad, recordando que una buena parte de los problemas que vivimos hoy, ya hab\u00edan sido previstos por anteriores gobiernos, al menos en teor\u00eda.<br>El problema es que se fueron dejando para despu\u00e9s y hoy solo en d\u00edas como este 25 de diciembre podemos gozar de la ciudad que deber\u00edamos tener, quiz\u00e1 los gobernantes deber\u00edan darse la vuelta por la ciudad el pr\u00f3ximo 1 de enero, para que se den una idea de lo que los ciudadanos esperamos de ellos.<br>Para que entiendan lo que es una ciudad sin problemas de movilidad, de contaminaci\u00f3n, de prisas sin sentido ocasionadas por los congestionamientos y quiz\u00e1 con una menor contaminaci\u00f3n, aunque en este caso sea ef\u00edmera.<br>No creemos que sea mucho pedir.<\/p>\n","protected":false},"excerpt":{"rendered":"<p>Ra\u00fal Guajardo Cant\u00faSi tuvo la oportunidad de transitar el d\u00eda 25, ayer, por las calles de la ciudad de Monterrey, seguramente se habr\u00e1 dado cuenta que los problemas de embotellamientos y las tardanzas no se presentaban por ning\u00fan lado.Quiz\u00e1 los usuarios del transporte p\u00fablico se encontraron con el hecho de que los camiones pasaban con [&hellip;]<\/p>\n","protected":false},"author":1,"featured_media":111572,"comment_status":"open","ping_status":"open","sticky":true,"template":"","format":"standard","meta":{"footnotes":""},"categories":[14,12],"tags":[],"_links":{"self":[{"href":"https:\/\/diariodigitalmx.com\/index.php\/wp-json\/wp\/v2\/posts\/111570"}],"collection":[{"href":"https:\/\/diariodigitalmx.com\/index.php\/wp-json\/wp\/v2\/posts"}],"about":[{"href":"https:\/\/diariodigitalmx.com\/index.php\/wp-json\/wp\/v2\/types\/post"}],"author":[{"embeddable":true,"href":"https:\/\/diariodigitalmx.com\/index.php\/wp-json\/wp\/v2\/users\/1"}],"replies":[{"embeddable":true,"href":"https:\/\/diariodigitalmx.com\/index.php\/wp-json\/wp\/v2\/comments?post=111570"}],"version-history":[{"count":1,"href":"https:\/\/diariodigitalmx.com\/index.php\/wp-json\/wp\/v2\/posts\/111570\/revisions"}],"predecessor-version":[{"id":111571,"href":"https:\/\/diariodigitalmx.com\/index.php\/wp-json\/wp\/v2\/posts\/111570\/revisions\/111571"}],"wp:featuredmedia":[{"embeddable":true,"href":"https:\/\/diariodigitalmx.com\/index.php\/wp-json\/wp\/v2\/media\/111572"}],"wp:attachment":[{"href":"https:\/\/diariodigitalmx.com\/index.php\/wp-json\/wp\/v2\/media?parent=111570"}],"wp:term":[{"taxonomy":"category","embeddable":true,"href":"https:\/\/diariodigitalmx.com\/index.php\/wp-json\/wp\/v2\/categories?post=111570"},{"taxonomy":"post_tag","embeddable":true,"href":"https:\/\/diariodigitalmx.com\/index.php\/wp-json\/wp\/v2\/tags?post=111570"}],"curies":[{"name":"wp","href":"https:\/\/api.w.org\/{rel}","templated":true}]}}