{"id":111645,"date":"2023-12-27T16:28:46","date_gmt":"2023-12-27T22:28:46","guid":{"rendered":"http:\/\/diariodigitalmx.com\/?p=111645"},"modified":"2023-12-27T16:30:03","modified_gmt":"2023-12-27T22:30:03","slug":"balance-del-ano-2023","status":"publish","type":"post","link":"https:\/\/diariodigitalmx.com\/index.php\/2023\/12\/27\/balance-del-ano-2023\/","title":{"rendered":"Balance del a\u00f1o 2023"},"content":{"rendered":"\n<p>Vivimos en un ambiente de denostaciones, amenazas e intimidaciones que conocimos por diversos actores pol\u00edticos que se vieron entre los integrantes de los poderes de nuestro querido Nuevo Le\u00f3n, crisis en los \u00e1mbitos de vialidad, en seguridad, en movilidad, en contaminaci\u00f3n en violencia intrafamiliar, laboral y pol\u00edtica.<\/p>\n\n\n\n<p>Nuevo Le\u00f3n somos todos los que vivimos aqu\u00ed\u2026 en qu\u00e9 contribuimos para mejorar todo esto. Definitivamente estamos dejando de tener una participaci\u00f3n ciudadana o \u00bfser\u00e1 que somos ignorados?<\/p>\n\n\n\n<p>Ojal\u00e1 los servidores p\u00fablicos se pongan las pilas, y en estas fechas de reflexi\u00f3n y recuento de los logros, reconozcan todo el bien que pueden lograr desde su importante labor p\u00fablica; sus acciones, sus decisiones que est\u00e1n marcando el rumbo de este estado que agoniza por todas las crisis y estoy segura que si hacemos conciencia del deber ser, podemos recuperar gradualmente la seguridad, la separaci\u00f3n de poderes, mejorar la calidad del medio ambiente, erradicar violencia en todas las \u00e1reas.<\/p>\n\n\n\n<p>Que dentro de nuestros prop\u00f3sitos de A\u00f1o Nuevo enumeremos ser mejores personas, ciudadanos responsables, comprometidos y participativos para coadyudar a la autoridad en turno a resolver el caos actual y tengamos la confianza y esperamos que las autoridades se dejen ayudar.<\/p>\n\n\n\n<p>Los \u00e1nimo a dejar de lado intereses personales y buscar el bien comun, ejercer la posici\u00f3n que se tenga con la pr\u00e1ctica de los valores universales.. como por ejemplo: responsabilidad, respeto, empat\u00eda, orden, paz, libertad y dignidad humana.<\/p>\n\n\n\n<p>Instituto Nacional de Consultor\u00eda Familiar<br>Luz Mar\u00eda Ortiz Quintos<\/p>\n","protected":false},"excerpt":{"rendered":"<p>Vivimos en un ambiente de denostaciones, amenazas e intimidaciones que conocimos por diversos actores pol\u00edticos que se vieron entre los integrantes de los poderes de nuestro querido Nuevo Le\u00f3n, crisis en los \u00e1mbitos de vialidad, en seguridad, en movilidad, en contaminaci\u00f3n en violencia intrafamiliar, laboral y pol\u00edtica. Nuevo Le\u00f3n somos todos los que vivimos aqu\u00ed\u2026 [&hellip;]<\/p>\n","protected":false},"author":1,"featured_media":111647,"comment_status":"open","ping_status":"open","sticky":true,"template":"","format":"standard","meta":{"footnotes":""},"categories":[12,5],"tags":[],"_links":{"self":[{"href":"https:\/\/diariodigitalmx.com\/index.php\/wp-json\/wp\/v2\/posts\/111645"}],"collection":[{"href":"https:\/\/diariodigitalmx.com\/index.php\/wp-json\/wp\/v2\/posts"}],"about":[{"href":"https:\/\/diariodigitalmx.com\/index.php\/wp-json\/wp\/v2\/types\/post"}],"author":[{"embeddable":true,"href":"https:\/\/diariodigitalmx.com\/index.php\/wp-json\/wp\/v2\/users\/1"}],"replies":[{"embeddable":true,"href":"https:\/\/diariodigitalmx.com\/index.php\/wp-json\/wp\/v2\/comments?post=111645"}],"version-history":[{"count":2,"href":"https:\/\/diariodigitalmx.com\/index.php\/wp-json\/wp\/v2\/posts\/111645\/revisions"}],"predecessor-version":[{"id":111648,"href":"https:\/\/diariodigitalmx.com\/index.php\/wp-json\/wp\/v2\/posts\/111645\/revisions\/111648"}],"wp:featuredmedia":[{"embeddable":true,"href":"https:\/\/diariodigitalmx.com\/index.php\/wp-json\/wp\/v2\/media\/111647"}],"wp:attachment":[{"href":"https:\/\/diariodigitalmx.com\/index.php\/wp-json\/wp\/v2\/media?parent=111645"}],"wp:term":[{"taxonomy":"category","embeddable":true,"href":"https:\/\/diariodigitalmx.com\/index.php\/wp-json\/wp\/v2\/categories?post=111645"},{"taxonomy":"post_tag","embeddable":true,"href":"https:\/\/diariodigitalmx.com\/index.php\/wp-json\/wp\/v2\/tags?post=111645"}],"curies":[{"name":"wp","href":"https:\/\/api.w.org\/{rel}","templated":true}]}}