{"id":111654,"date":"2023-12-28T00:17:02","date_gmt":"2023-12-28T06:17:02","guid":{"rendered":"http:\/\/diariodigitalmx.com\/?p=111654"},"modified":"2023-12-28T00:17:39","modified_gmt":"2023-12-28T06:17:39","slug":"vivir-en-paz","status":"publish","type":"post","link":"https:\/\/diariodigitalmx.com\/index.php\/2023\/12\/28\/vivir-en-paz\/","title":{"rendered":"Vivir en paz"},"content":{"rendered":"\n<p>La gente dice que es mejor tener paz, que tener la raz\u00f3n, y el Esp\u00edritu Santo lo cincel\u00f3 desde hace m\u00e1s de dos mil a\u00f1os en los rollos de los salmos y en nuestros corazones, porque nos exhorta a buscar y seguir la primera, pero nosotros hacemos un l\u00edo de dimensiones mundiales por sostener la \u00faltima.<\/p>\n\n\n\n<p>Hay muchas formas de creer en Jes\u00fas, pero la m\u00e1s importante siempre ser\u00e1 aquella que se esfuerza en obedecerlo e imitarlo en todo.<\/p>\n\n\n\n<p>Es ir\u00f3nico que la gracia nos une ( igual que el pecado porque todos somos pecadores), pero es la redenci\u00f3n en Cristo -y no nuestras costumbres- la que nos hace una familia.<\/p>\n\n\n\n<p>La base de nuestra fe es la muerte y resurrecci\u00f3n de Jes\u00fas y eso es lo que nos hace que compartamos la misma vida en Cristo.&nbsp;<\/p>\n\n\n\n<p>CRISTO NO EST\u00c1 DIVIDIDO.&nbsp; \u00bfPor qu\u00e9 nos dividimos nosotros?<\/p>\n\n\n\n<p>No es ni la doctrina ni la tradici\u00f3n, sino la hermandad que tenemos gracias a la adopci\u00f3n por medio de la sangre de Jes\u00fas.<\/p>\n\n\n\n<p>\u00bfC\u00f3mo demostramos afecto a TODOS nuestros hermanos en Cristo?&nbsp;<\/p>\n\n\n\n<p>Todo el que ha nacido de nuevo es nuestro hermano.<\/p>\n\n\n\n<p>Es tiempo de unirnos y obedecer juntos el mandado de amor que el Padre nos dej\u00f3 a trav\u00e9s de Su Hijo, y que nos recuerda hoy a trav\u00e9s de su Santo Esp\u00edritu.<\/p>\n\n\n\n<p>Sigamos lo que contribuye a la paz y a la mutua edificaci\u00f3n.<\/p>\n\n\n\n<p>\u00bfCree esto? Hable con Dios, lea la Biblia y desc\u00fabralo.&nbsp; Solo la Verdad nos har\u00e1 verdaderamente libres.<\/p>\n\n\n\n<p>1 Corintios 1:12-13 | Romanos 14:19 | Salmos 34:14 | 1 Pedro 3:11 | G\u00e9nesis 2:17<\/p>\n\n\n\n<p>Email&nbsp;<a href=\"mailto:mujervirtuosa@instruccionespersonales.com\" target=\"_blank\" rel=\"noreferrer noopener\">mujervirtuosa@instruccionespersonales.com<br><\/a>Facebook e Instagram, @<a href=\"https:\/\/www.facebook.com\/InstruccionesPersonales\" target=\"_blank\" rel=\"noreferrer noopener\">InstruccionesPersonales<\/a>&nbsp;<\/p>\n\n\n\n<p>Whatsapp:&nbsp;<a href=\"https:\/\/chat.whatsapp.com\/IvEOo3fLUPB760llpNegXy\" target=\"_blank\" rel=\"noreferrer noopener\">https:\/\/chat.whatsapp.com\/IvEOo3fLUPB760llpNegXy<\/a>&nbsp;&nbsp;&nbsp;&nbsp;&nbsp;<\/p>\n\n\n\n<p>Telegram:&nbsp;<a href=\"https:\/\/t.me\/joinchat\/GadGUwf0PUjYH44I\" target=\"_blank\" rel=\"noreferrer noopener\">https:\/\/t.me\/joinchat\/GadGUwf0PUjYH44I<\/a>&nbsp;<\/p>\n","protected":false},"excerpt":{"rendered":"<p>La gente dice que es mejor tener paz, que tener la raz\u00f3n, y el Esp\u00edritu Santo lo cincel\u00f3 desde hace m\u00e1s de dos mil a\u00f1os en los rollos de los salmos y en nuestros corazones, porque nos exhorta a buscar y seguir la primera, pero nosotros hacemos un l\u00edo de dimensiones mundiales por sostener la [&hellip;]<\/p>\n","protected":false},"author":1,"featured_media":111656,"comment_status":"open","ping_status":"open","sticky":true,"template":"","format":"standard","meta":{"footnotes":""},"categories":[14,12],"tags":[],"_links":{"self":[{"href":"https:\/\/diariodigitalmx.com\/index.php\/wp-json\/wp\/v2\/posts\/111654"}],"collection":[{"href":"https:\/\/diariodigitalmx.com\/index.php\/wp-json\/wp\/v2\/posts"}],"about":[{"href":"https:\/\/diariodigitalmx.com\/index.php\/wp-json\/wp\/v2\/types\/post"}],"author":[{"embeddable":true,"href":"https:\/\/diariodigitalmx.com\/index.php\/wp-json\/wp\/v2\/users\/1"}],"replies":[{"embeddable":true,"href":"https:\/\/diariodigitalmx.com\/index.php\/wp-json\/wp\/v2\/comments?post=111654"}],"version-history":[{"count":1,"href":"https:\/\/diariodigitalmx.com\/index.php\/wp-json\/wp\/v2\/posts\/111654\/revisions"}],"predecessor-version":[{"id":111655,"href":"https:\/\/diariodigitalmx.com\/index.php\/wp-json\/wp\/v2\/posts\/111654\/revisions\/111655"}],"wp:featuredmedia":[{"embeddable":true,"href":"https:\/\/diariodigitalmx.com\/index.php\/wp-json\/wp\/v2\/media\/111656"}],"wp:attachment":[{"href":"https:\/\/diariodigitalmx.com\/index.php\/wp-json\/wp\/v2\/media?parent=111654"}],"wp:term":[{"taxonomy":"category","embeddable":true,"href":"https:\/\/diariodigitalmx.com\/index.php\/wp-json\/wp\/v2\/categories?post=111654"},{"taxonomy":"post_tag","embeddable":true,"href":"https:\/\/diariodigitalmx.com\/index.php\/wp-json\/wp\/v2\/tags?post=111654"}],"curies":[{"name":"wp","href":"https:\/\/api.w.org\/{rel}","templated":true}]}}