{"id":111720,"date":"2023-12-31T16:11:41","date_gmt":"2023-12-31T22:11:41","guid":{"rendered":"http:\/\/diariodigitalmx.com\/?p=111720"},"modified":"2023-12-31T16:12:17","modified_gmt":"2023-12-31T22:12:17","slug":"migrantes-hondureno-detenido-por-asalto-violento","status":"publish","type":"post","link":"https:\/\/diariodigitalmx.com\/index.php\/2023\/12\/31\/migrantes-hondureno-detenido-por-asalto-violento\/","title":{"rendered":"Migrantes: hondure\u00f1o detenido por asalto violento"},"content":{"rendered":"\n<p><br>Un hombre fue detenido por oficiales de la Polic\u00eda de Monterrey, luego que presuntamente intentara despojar de sus pertenencias con lujo de violencia a un joven, en la colonia Del Norte.<br>El detenido fue identificado como Jos\u00e9 Armando L., de 30 a\u00f1os de edad, quien es originario de Honduras.<br>Los hechos fueron registrados en Manuel Mar\u00eda Contreras y Zaragoza, a las 22:30 horas.<br>Elementos de la Polic\u00eda de Monterrey que circulaban por el sector, cuando observan a dos hombres forcejeando por lo que detienen la marcha de la unidad para ver lo que suced\u00eda.<br>Al descender de la unidad, ven que Jos\u00e9 Armando tra\u00eda un cuchillo en una de sus manos por lo que le piden que se detenga.<br>Posteriormente se entrevistan con el afectado de 21 a\u00f1os, quien se\u00f1ala al ahora detenido, refiriendo que minutos antes lo amaga con el cuchillo, amenaz\u00e1ndolo y pidi\u00e9ndole sus pertenencias, por lo que pide la detenci\u00f3n del presunto.<br>El hombre fue trasladado a las instalaciones de la Polic\u00eda de Monterrey, donde qued\u00f3 a disposici\u00f3n del Ministerio P\u00fablico.<\/p>\n","protected":false},"excerpt":{"rendered":"<p>Un hombre fue detenido por oficiales de la Polic\u00eda de Monterrey, luego que presuntamente intentara despojar de sus pertenencias con lujo de violencia a un joven, en la colonia Del Norte.El detenido fue identificado como Jos\u00e9 Armando L., de 30 a\u00f1os de edad, quien es originario de Honduras.Los hechos fueron registrados en Manuel Mar\u00eda Contreras [&hellip;]<\/p>\n","protected":false},"author":1,"featured_media":111722,"comment_status":"open","ping_status":"open","sticky":true,"template":"","format":"standard","meta":{"footnotes":""},"categories":[14,7],"tags":[],"_links":{"self":[{"href":"https:\/\/diariodigitalmx.com\/index.php\/wp-json\/wp\/v2\/posts\/111720"}],"collection":[{"href":"https:\/\/diariodigitalmx.com\/index.php\/wp-json\/wp\/v2\/posts"}],"about":[{"href":"https:\/\/diariodigitalmx.com\/index.php\/wp-json\/wp\/v2\/types\/post"}],"author":[{"embeddable":true,"href":"https:\/\/diariodigitalmx.com\/index.php\/wp-json\/wp\/v2\/users\/1"}],"replies":[{"embeddable":true,"href":"https:\/\/diariodigitalmx.com\/index.php\/wp-json\/wp\/v2\/comments?post=111720"}],"version-history":[{"count":1,"href":"https:\/\/diariodigitalmx.com\/index.php\/wp-json\/wp\/v2\/posts\/111720\/revisions"}],"predecessor-version":[{"id":111721,"href":"https:\/\/diariodigitalmx.com\/index.php\/wp-json\/wp\/v2\/posts\/111720\/revisions\/111721"}],"wp:featuredmedia":[{"embeddable":true,"href":"https:\/\/diariodigitalmx.com\/index.php\/wp-json\/wp\/v2\/media\/111722"}],"wp:attachment":[{"href":"https:\/\/diariodigitalmx.com\/index.php\/wp-json\/wp\/v2\/media?parent=111720"}],"wp:term":[{"taxonomy":"category","embeddable":true,"href":"https:\/\/diariodigitalmx.com\/index.php\/wp-json\/wp\/v2\/categories?post=111720"},{"taxonomy":"post_tag","embeddable":true,"href":"https:\/\/diariodigitalmx.com\/index.php\/wp-json\/wp\/v2\/tags?post=111720"}],"curies":[{"name":"wp","href":"https:\/\/api.w.org\/{rel}","templated":true}]}}