{"id":111729,"date":"2023-12-31T18:31:24","date_gmt":"2024-01-01T00:31:24","guid":{"rendered":"http:\/\/diariodigitalmx.com\/?p=111729"},"modified":"2023-12-31T18:35:52","modified_gmt":"2024-01-01T00:35:52","slug":"superan-su-reto-final-4150-corredores","status":"publish","type":"post","link":"https:\/\/diariodigitalmx.com\/index.php\/2023\/12\/31\/superan-su-reto-final-4150-corredores\/","title":{"rendered":"Superan su \u201creto final\u201d 4150 corredores"},"content":{"rendered":"\n<figure class=\"wp-block-image size-large\"><img loading=\"lazy\" decoding=\"async\" width=\"1024\" height=\"683\" src=\"http:\/\/diariodigitalmx.com\/wp-content\/uploads\/2023\/12\/evento-incluyente-1024x683.jpg\" alt=\"\" class=\"wp-image-111733\" srcset=\"https:\/\/diariodigitalmx.com\/wp-content\/uploads\/2023\/12\/evento-incluyente-1024x683.jpg 1024w, https:\/\/diariodigitalmx.com\/wp-content\/uploads\/2023\/12\/evento-incluyente-300x200.jpg 300w, https:\/\/diariodigitalmx.com\/wp-content\/uploads\/2023\/12\/evento-incluyente-768x512.jpg 768w, https:\/\/diariodigitalmx.com\/wp-content\/uploads\/2023\/12\/evento-incluyente-1536x1024.jpg 1536w, https:\/\/diariodigitalmx.com\/wp-content\/uploads\/2023\/12\/evento-incluyente-2048x1365.jpg 2048w\" sizes=\"(max-width: 1024px) 100vw, 1024px\" \/><\/figure>\n\n\n\n<p>Por: Ra\u00fal E. Guevara Ortiz.-Tal y como si cumplieran el prop\u00f3sito anual de mantener una vida sana f\u00edsica y mentalmente, cuatro mil 150 corredores llenaron las instalaciones del Parque Fundidora, para participar en la \u00faltima carrera de ruta del 2023, denominada \u201cEl Reto Final\u201d.<\/p>\n\n\n\n<p>El evento realizado en forma simult\u00e1nea adem\u00e1s de en la capital regia, en las ciudades de Guadalajara, 1,200 participantes y en Torre\u00f3n Coahuila, 470 corredores, form\u00f3 parte de la clausura del calendario anual de carreras de ruta 2023 avaladas por la Asociaci\u00f3n de Atletismo de Nuevo Le\u00f3n y de los organizados por Trotime.<\/p>\n\n\n\n<p>A las 7:30 de la ma\u00f1ana, sin importar una sensaci\u00f3n ambiental cercana a los g\u00e9lidos 8 grados, la gran marea humana empez\u00f3 su movimiento de oriente a poniente para recorrer los m\u00e1s de 3 kil\u00f3metros del ic\u00f3nico parque, sumando adem\u00e1s la conexi\u00f3n con el Parque Espa\u00f1a a trav\u00e9s del Puente Verde, as\u00ed como de algunas avenidas de la ciudad de Monterrey.<\/p>\n\n\n\n<figure class=\"wp-block-image size-large\"><img loading=\"lazy\" decoding=\"async\" width=\"683\" height=\"1024\" src=\"http:\/\/diariodigitalmx.com\/wp-content\/uploads\/2023\/12\/1\u00b0-5K-Juan-Patricio-Nanez-683x1024.jpg\" alt=\"\" class=\"wp-image-111735\" srcset=\"https:\/\/diariodigitalmx.com\/wp-content\/uploads\/2023\/12\/1\u00b0-5K-Juan-Patricio-Nanez-683x1024.jpg 683w, https:\/\/diariodigitalmx.com\/wp-content\/uploads\/2023\/12\/1\u00b0-5K-Juan-Patricio-Nanez-200x300.jpg 200w, https:\/\/diariodigitalmx.com\/wp-content\/uploads\/2023\/12\/1\u00b0-5K-Juan-Patricio-Nanez-768x1152.jpg 768w, https:\/\/diariodigitalmx.com\/wp-content\/uploads\/2023\/12\/1\u00b0-5K-Juan-Patricio-Nanez-1024x1536.jpg 1024w, https:\/\/diariodigitalmx.com\/wp-content\/uploads\/2023\/12\/1\u00b0-5K-Juan-Patricio-Nanez-1365x2048.jpg 1365w, https:\/\/diariodigitalmx.com\/wp-content\/uploads\/2023\/12\/1\u00b0-5K-Juan-Patricio-Nanez-scaled.jpg 1707w\" sizes=\"(max-width: 683px) 100vw, 683px\" \/><\/figure>\n\n\n\n<p>Bastaron 15 minutos con cuarenta y ocho segundos para que Juan Patricio Na\u00f1ez Lozano lograra alcanzar el primer lugar de la distancia de 5 kil\u00f3metros, seguido Erick Alejandro Dom\u00ednguez y de Jhonas Berteksen quienes se colocaron en la segunda y tercera posici\u00f3n de la prueba, con tiempos de 16:02 y 16:24 respectivamente.<\/p>\n\n\n\n<p>Por su parte Yeini Santacruz en un cierre espectacular con su marca de 18:29, super\u00f3 a Elisa Reyna quien cronometr\u00f3 un tiempo de 18:30 se llev\u00f3 el segundo lugar, dejando en el tercer sitio a Rebeca Rivero, 20:49.<\/p>\n\n\n\n<figure class=\"wp-block-gallery has-nested-images columns-default is-cropped wp-block-gallery-1 is-layout-flex wp-block-gallery-is-layout-flex\">\n<figure class=\"wp-block-image size-large\"><img loading=\"lazy\" decoding=\"async\" width=\"1024\" height=\"1024\" data-id=\"111741\" src=\"http:\/\/diariodigitalmx.com\/wp-content\/uploads\/2023\/12\/IMG_20231231_183011_604-1024x1024.webp\" alt=\"\" class=\"wp-image-111741\" srcset=\"https:\/\/diariodigitalmx.com\/wp-content\/uploads\/2023\/12\/IMG_20231231_183011_604-1024x1024.webp 1024w, https:\/\/diariodigitalmx.com\/wp-content\/uploads\/2023\/12\/IMG_20231231_183011_604-300x300.webp 300w, https:\/\/diariodigitalmx.com\/wp-content\/uploads\/2023\/12\/IMG_20231231_183011_604-150x150.webp 150w, https:\/\/diariodigitalmx.com\/wp-content\/uploads\/2023\/12\/IMG_20231231_183011_604-768x768.webp 768w, https:\/\/diariodigitalmx.com\/wp-content\/uploads\/2023\/12\/IMG_20231231_183011_604.webp 1080w\" sizes=\"(max-width: 1024px) 100vw, 1024px\" \/><\/figure>\n\n\n\n<figure class=\"wp-block-image size-large\"><img loading=\"lazy\" decoding=\"async\" width=\"1024\" height=\"683\" data-id=\"111739\" src=\"http:\/\/diariodigitalmx.com\/wp-content\/uploads\/2023\/12\/1a-5K-Yeini-Santacruz-1024x683.jpg\" alt=\"\" class=\"wp-image-111739\" srcset=\"https:\/\/diariodigitalmx.com\/wp-content\/uploads\/2023\/12\/1a-5K-Yeini-Santacruz-1024x683.jpg 1024w, https:\/\/diariodigitalmx.com\/wp-content\/uploads\/2023\/12\/1a-5K-Yeini-Santacruz-300x200.jpg 300w, https:\/\/diariodigitalmx.com\/wp-content\/uploads\/2023\/12\/1a-5K-Yeini-Santacruz-768x512.jpg 768w, https:\/\/diariodigitalmx.com\/wp-content\/uploads\/2023\/12\/1a-5K-Yeini-Santacruz-1536x1024.jpg 1536w, https:\/\/diariodigitalmx.com\/wp-content\/uploads\/2023\/12\/1a-5K-Yeini-Santacruz-2048x1365.jpg 2048w\" sizes=\"(max-width: 1024px) 100vw, 1024px\" \/><\/figure>\n<\/figure>\n\n\n\n<p>Fue en la prueba estelar de 10 kil\u00f3metros, donde Enoe Herrera Mungu\u00eda con tiempo de 32:25 gan\u00f3 el primer lugar, arriba de Juan Carlos Guerrero, 33:52 y de Rogelio Juli\u00e1n Samaniego 35:01.<\/p>\n\n\n\n<figure class=\"wp-block-image size-large\"><img loading=\"lazy\" decoding=\"async\" width=\"1024\" height=\"685\" src=\"http:\/\/diariodigitalmx.com\/wp-content\/uploads\/2023\/12\/1a-10K-Claudia-Castillo-copia-1024x685.jpg\" alt=\"\" class=\"wp-image-111744\" srcset=\"https:\/\/diariodigitalmx.com\/wp-content\/uploads\/2023\/12\/1a-10K-Claudia-Castillo-copia-1024x685.jpg 1024w, https:\/\/diariodigitalmx.com\/wp-content\/uploads\/2023\/12\/1a-10K-Claudia-Castillo-copia-300x201.jpg 300w, https:\/\/diariodigitalmx.com\/wp-content\/uploads\/2023\/12\/1a-10K-Claudia-Castillo-copia-768x514.jpg 768w, https:\/\/diariodigitalmx.com\/wp-content\/uploads\/2023\/12\/1a-10K-Claudia-Castillo-copia-1536x1027.jpg 1536w, https:\/\/diariodigitalmx.com\/wp-content\/uploads\/2023\/12\/1a-10K-Claudia-Castillo-copia-2048x1369.jpg 2048w\" sizes=\"(max-width: 1024px) 100vw, 1024px\" \/><\/figure>\n\n\n\n<p>Mientras que en las damas, Claudia Miriam Castillo Espino domin\u00f3 la distancia de 10 mil metros con su 37:10, delante de Roc\u00edo Esmeralda Pulido Guerra, 40:41, dejando en el tercer lugar para Ang\u00e9lica Mojica Hern\u00e1ndez con un registro de 40:45.<\/p>\n\n\n\n<p>Al final del \u201cReto Final\u201d los cientos de participantes participaron una gran rifa de obsequios de parte del comit\u00e9 organizador, como una forma de corresponder su preferencia durante el 2023.<\/p>\n","protected":false},"excerpt":{"rendered":"<p>Por: Ra\u00fal E. Guevara Ortiz.-Tal y como si cumplieran el prop\u00f3sito anual de mantener una vida sana f\u00edsica y mentalmente, cuatro mil 150 corredores llenaron las instalaciones del Parque Fundidora, para participar en la \u00faltima carrera de ruta del 2023, denominada \u201cEl Reto Final\u201d. El evento realizado en forma simult\u00e1nea adem\u00e1s de en la capital [&hellip;]<\/p>\n","protected":false},"author":1,"featured_media":111731,"comment_status":"open","ping_status":"open","sticky":true,"template":"","format":"standard","meta":{"footnotes":""},"categories":[8,14],"tags":[],"_links":{"self":[{"href":"https:\/\/diariodigitalmx.com\/index.php\/wp-json\/wp\/v2\/posts\/111729"}],"collection":[{"href":"https:\/\/diariodigitalmx.com\/index.php\/wp-json\/wp\/v2\/posts"}],"about":[{"href":"https:\/\/diariodigitalmx.com\/index.php\/wp-json\/wp\/v2\/types\/post"}],"author":[{"embeddable":true,"href":"https:\/\/diariodigitalmx.com\/index.php\/wp-json\/wp\/v2\/users\/1"}],"replies":[{"embeddable":true,"href":"https:\/\/diariodigitalmx.com\/index.php\/wp-json\/wp\/v2\/comments?post=111729"}],"version-history":[{"count":6,"href":"https:\/\/diariodigitalmx.com\/index.php\/wp-json\/wp\/v2\/posts\/111729\/revisions"}],"predecessor-version":[{"id":111745,"href":"https:\/\/diariodigitalmx.com\/index.php\/wp-json\/wp\/v2\/posts\/111729\/revisions\/111745"}],"wp:featuredmedia":[{"embeddable":true,"href":"https:\/\/diariodigitalmx.com\/index.php\/wp-json\/wp\/v2\/media\/111731"}],"wp:attachment":[{"href":"https:\/\/diariodigitalmx.com\/index.php\/wp-json\/wp\/v2\/media?parent=111729"}],"wp:term":[{"taxonomy":"category","embeddable":true,"href":"https:\/\/diariodigitalmx.com\/index.php\/wp-json\/wp\/v2\/categories?post=111729"},{"taxonomy":"post_tag","embeddable":true,"href":"https:\/\/diariodigitalmx.com\/index.php\/wp-json\/wp\/v2\/tags?post=111729"}],"curies":[{"name":"wp","href":"https:\/\/api.w.org\/{rel}","templated":true}]}}