{"id":111789,"date":"2024-01-02T00:33:51","date_gmt":"2024-01-02T06:33:51","guid":{"rendered":"http:\/\/diariodigitalmx.com\/?p=111789"},"modified":"2024-01-02T00:37:22","modified_gmt":"2024-01-02T06:37:22","slug":"viva-la-gente","status":"publish","type":"post","link":"https:\/\/diariodigitalmx.com\/index.php\/2024\/01\/02\/viva-la-gente\/","title":{"rendered":"Viva la gente"},"content":{"rendered":"\n<p>Gerson G\u00f3mez Salas<\/p>\n\n\n\n<p>(foto tomada de Facebook Viva la Gente)<\/p>\n\n\n\n<p>Representaban el ecumenismo social. La soluci\u00f3n pacifica a la primavera del amor. De quienes manifestaron sus inconformidades sociales en la mayor\u00eda de los pa\u00edses del mundo.<\/p>\n\n\n\n<p>Con un musical, muy al estilo de Broadway, aprendices de artistas. Intercambio de estudiantes universitarios, de visi\u00f3n bastante segmentada, sus viajes cubiertos con el precio de las entradas.<\/p>\n\n\n\n<p>Due\u00f1os de la patente, sus gestores, sedujeron a las familias pudientes. Incluso, por el placer de concertar la experiencia, previo pago de los tutores, aseguraron la gira anual.<\/p>\n\n\n\n<p>Vivir de la gente, en el reino de utop\u00eda. Coristas, bailarines, tramoyistas, apuntadores, toda clase de trabajadores al proscenio.<\/p>\n\n\n\n<p>En los sectores visitantes, prefirieron escuchar los cantos en los idiomas vern\u00e1culos. Olvidar las protestas en San Francisco, Washington, Paris o la Ciudad de M\u00e9xico.<\/p>\n\n\n\n<p>Los frentes de batalla en Vietnam, la cortina de acero a partir de Bonn en la Rep\u00fablica Popular Alemana. Los gulags en la parte alejada de Siberia, a donde los disidentes pol\u00edticos, muchos de ellos j\u00f3venes inconformes. Nada de reeducaci\u00f3n. Exterminio con la anuencia del estado totalitarista. Fiebre blanca del invierno interminable.<\/p>\n\n\n\n<p>Quienes enfrentaron a sus gobiernos, desaparecieron de la faz de la tierra. Lanzados vivos al mar. Ejecutados en los campos secretos de los militares.<\/p>\n\n\n\n<p>&nbsp;Experimentar, rebelarse y la revoluci\u00f3n, para el dist\u00f3pico porvenir.<\/p>\n\n\n\n<p>La otra parte, los de Viva la Gente, ahora abuelos, recuerdan la banalidad de la impostura. Muchos de ellos, con la madurez, habr\u00edan preferido participar en el otro lado de la historia. No con cantos o bailes. Sino con marchas, consignas y protestas, por sus compa\u00f1eros privados y desaparecidos.<\/p>\n","protected":false},"excerpt":{"rendered":"<p>Gerson G\u00f3mez Salas (foto tomada de Facebook Viva la Gente) Representaban el ecumenismo social. La soluci\u00f3n pacifica a la primavera del amor. De quienes manifestaron sus inconformidades sociales en la mayor\u00eda de los pa\u00edses del mundo. Con un musical, muy al estilo de Broadway, aprendices de artistas. Intercambio de estudiantes universitarios, de visi\u00f3n bastante segmentada, [&hellip;]<\/p>\n","protected":false},"author":1,"featured_media":111791,"comment_status":"open","ping_status":"open","sticky":true,"template":"","format":"standard","meta":{"footnotes":""},"categories":[14,12],"tags":[],"_links":{"self":[{"href":"https:\/\/diariodigitalmx.com\/index.php\/wp-json\/wp\/v2\/posts\/111789"}],"collection":[{"href":"https:\/\/diariodigitalmx.com\/index.php\/wp-json\/wp\/v2\/posts"}],"about":[{"href":"https:\/\/diariodigitalmx.com\/index.php\/wp-json\/wp\/v2\/types\/post"}],"author":[{"embeddable":true,"href":"https:\/\/diariodigitalmx.com\/index.php\/wp-json\/wp\/v2\/users\/1"}],"replies":[{"embeddable":true,"href":"https:\/\/diariodigitalmx.com\/index.php\/wp-json\/wp\/v2\/comments?post=111789"}],"version-history":[{"count":2,"href":"https:\/\/diariodigitalmx.com\/index.php\/wp-json\/wp\/v2\/posts\/111789\/revisions"}],"predecessor-version":[{"id":111792,"href":"https:\/\/diariodigitalmx.com\/index.php\/wp-json\/wp\/v2\/posts\/111789\/revisions\/111792"}],"wp:featuredmedia":[{"embeddable":true,"href":"https:\/\/diariodigitalmx.com\/index.php\/wp-json\/wp\/v2\/media\/111791"}],"wp:attachment":[{"href":"https:\/\/diariodigitalmx.com\/index.php\/wp-json\/wp\/v2\/media?parent=111789"}],"wp:term":[{"taxonomy":"category","embeddable":true,"href":"https:\/\/diariodigitalmx.com\/index.php\/wp-json\/wp\/v2\/categories?post=111789"},{"taxonomy":"post_tag","embeddable":true,"href":"https:\/\/diariodigitalmx.com\/index.php\/wp-json\/wp\/v2\/tags?post=111789"}],"curies":[{"name":"wp","href":"https:\/\/api.w.org\/{rel}","templated":true}]}}