{"id":111793,"date":"2024-01-02T00:42:14","date_gmt":"2024-01-02T06:42:14","guid":{"rendered":"http:\/\/diariodigitalmx.com\/?p=111793"},"modified":"2024-01-02T00:42:58","modified_gmt":"2024-01-02T06:42:58","slug":"el-neozapatismo-a-tres-decadas","status":"publish","type":"post","link":"https:\/\/diariodigitalmx.com\/index.php\/2024\/01\/02\/el-neozapatismo-a-tres-decadas\/","title":{"rendered":"El neozapatismo a tres d\u00e9cadas"},"content":{"rendered":"\n<p>\u00d3scar Tamez Rodr\u00edguez<br>El uno de enero de 1994 a las cero horas inici\u00f3 un movimiento revolucionario en Chiapas, conocido como el ej\u00e9rcito zapatista de liberaci\u00f3n nacional (EZLN), hubo toma de poblados y cabeceras municipales en el asalto militar.<br>Un grupo de anarquistas, socialistas, comunistas o de alguna corriente del pensamiento af\u00edn se internaron en la selva lacandona y construyeron su plataforma ideol\u00f3gico-militar sobre la cual basan su movimiento armado que termin\u00f3 en desaparecer por inacci\u00f3n.<br>Escribir\u00e9 m\u00e1s a la memoria de aquellos sucesos que con sustento documental, que lo hay y mucho.<br>Las im\u00e1genes en la principal televisora nacional y en medios impresos dieron la vuelta al mundo aquel uno de enero de hace 30 a\u00f1os. Encapuchados que se autodenominaban ej\u00e9rcito de liberaci\u00f3n nacional tomaron por asalto algunos poblados chiapanecos, declararon la guerra al Estado mexicano y a sus instituciones de gobierno.<br>Sustentaron su alzamiento revolucionario en el art\u00edculo 39 constitucional donde se establece que el pueblo tiene en todo momento la facultad para cambiar la forma de gobierno existente. En ese momento se declararon como pueblos aut\u00f3nomos con r\u00e9gimen de gobierno y estructura de autoridad propias.<br>Cobra fama mundial Rafel Sebasti\u00e1n Guill\u00e9n Vicente, el subcomandante Marcos, de quien luego sabr\u00edamos era un tampique\u00f1o egresado de la UNAM en la carrera de filosof\u00eda y letras y hermano de una priista que fuera legisladora federal y funcionaria en su natal Tamaulipas.<br>Marcos, personaje ligado con Nuevo Le\u00f3n. Fue ajefista en la Logia del estado; ligado al \u201chermano Pedro\u201d y \u201cel comandante Germ\u00e1n\u201d, ambos de apellido Y\u00e1\u00f1ez Mu\u00f1oz, el primero C\u00e9sar y el segundo Fernando. Originarios de \u201cEl Mezquital\u201d en Apodaca, Nuevo Le\u00f3n. Reconocidos militantes de la guerrilla de los 70\u00b4s y distinguidos por su activismo pol\u00edtico-social en favor del comunismo.<br>A principios del siglo XXI, conoc\u00ed de un museo en su poblado natal dedicado a sus actividades en la guerrilla. Hoy d\u00eda sus sobrinos o sobrinos nietos son funcionarios en gobiernos priistas y panistas de la entidad; un gran amigo y hermano de vida desde hace casi 40 a\u00f1os es familiar de ellos y por \u00e9l conoc\u00ed un poco m\u00e1s del pensamiento de sus parientes.<br>El EZLN se proclam\u00f3 en reivindicaci\u00f3n de las causas revolucionarias agrarias zapatistas. Es pertinente decir que son distintos Emiliano Zapata, el zapatismo surgido con su muerte y el neozapatismo del EZLN, a tal que podemos asegurar que Zapata y el zapatismo rom\u00e1ntico que se reivindica son distintos entre s\u00ed.<br>El movimiento nacido en Chiapas cobr\u00f3 adeptos por todo el pa\u00eds y el mundo, de inmediato llegaron franceses, espa\u00f1oles y de otras nacionalidades quienes se sumaron ideol\u00f3gicamente a las reivindicaciones y proclamas de Marcos.<br>En Nuevo Le\u00f3n conoc\u00ed personas que se afiliaron al movimiento, algunos m\u00e1s por romanticismo que por verdadera ideolog\u00eda, lo cierto es que hubo colectas, aportaciones y donativos que se acopiaron por nuevoleoneses afines al zapatismo chiapaneco.<br>Hubo quienes viajaron desde tierras regias en apoyo al movimiento, los rom\u00e1nticos del socialismo no se hicieron esperar, era evidente que grandes poblaciones del magisterio, periodismo y la pol\u00edtica, entre otras actividades profesionales simpatizaron con la causa.<br>Viv\u00edamos la magia del salinismo, un pa\u00eds que se codeaba con los pa\u00edses desarrollados. Un a\u00f1o despu\u00e9s la \u201ccruda\u201d har\u00eda estragos en el gobierno de Ernesto Zedillo.<br>Han pasado 30 a\u00f1os de aquel alzamiento y Chiapas no ha cambiado, murieron algunos cabecillas y de aquel d\u00eda hist\u00f3rico, s\u00f3lo queda la memoria y muchas leyendas.<\/p>\n","protected":false},"excerpt":{"rendered":"<p>\u00d3scar Tamez Rodr\u00edguezEl uno de enero de 1994 a las cero horas inici\u00f3 un movimiento revolucionario en Chiapas, conocido como el ej\u00e9rcito zapatista de liberaci\u00f3n nacional (EZLN), hubo toma de poblados y cabeceras municipales en el asalto militar.Un grupo de anarquistas, socialistas, comunistas o de alguna corriente del pensamiento af\u00edn se internaron en la selva [&hellip;]<\/p>\n","protected":false},"author":1,"featured_media":111795,"comment_status":"open","ping_status":"open","sticky":true,"template":"","format":"standard","meta":{"footnotes":""},"categories":[12,5],"tags":[],"_links":{"self":[{"href":"https:\/\/diariodigitalmx.com\/index.php\/wp-json\/wp\/v2\/posts\/111793"}],"collection":[{"href":"https:\/\/diariodigitalmx.com\/index.php\/wp-json\/wp\/v2\/posts"}],"about":[{"href":"https:\/\/diariodigitalmx.com\/index.php\/wp-json\/wp\/v2\/types\/post"}],"author":[{"embeddable":true,"href":"https:\/\/diariodigitalmx.com\/index.php\/wp-json\/wp\/v2\/users\/1"}],"replies":[{"embeddable":true,"href":"https:\/\/diariodigitalmx.com\/index.php\/wp-json\/wp\/v2\/comments?post=111793"}],"version-history":[{"count":1,"href":"https:\/\/diariodigitalmx.com\/index.php\/wp-json\/wp\/v2\/posts\/111793\/revisions"}],"predecessor-version":[{"id":111794,"href":"https:\/\/diariodigitalmx.com\/index.php\/wp-json\/wp\/v2\/posts\/111793\/revisions\/111794"}],"wp:featuredmedia":[{"embeddable":true,"href":"https:\/\/diariodigitalmx.com\/index.php\/wp-json\/wp\/v2\/media\/111795"}],"wp:attachment":[{"href":"https:\/\/diariodigitalmx.com\/index.php\/wp-json\/wp\/v2\/media?parent=111793"}],"wp:term":[{"taxonomy":"category","embeddable":true,"href":"https:\/\/diariodigitalmx.com\/index.php\/wp-json\/wp\/v2\/categories?post=111793"},{"taxonomy":"post_tag","embeddable":true,"href":"https:\/\/diariodigitalmx.com\/index.php\/wp-json\/wp\/v2\/tags?post=111793"}],"curies":[{"name":"wp","href":"https:\/\/api.w.org\/{rel}","templated":true}]}}