{"id":111828,"date":"2024-01-02T14:22:23","date_gmt":"2024-01-02T20:22:23","guid":{"rendered":"http:\/\/diariodigitalmx.com\/?p=111828"},"modified":"2024-01-02T14:25:16","modified_gmt":"2024-01-02T20:25:16","slug":"rescatan-en-escobedo-a-la-negrita-que-se-atoro-en-barandal","status":"publish","type":"post","link":"https:\/\/diariodigitalmx.com\/index.php\/2024\/01\/02\/rescatan-en-escobedo-a-la-negrita-que-se-atoro-en-barandal\/","title":{"rendered":"Rescatan en Escobedo a &#8220;La Negrita&#8221; que se ator\u00f3 en barandal"},"content":{"rendered":"\n<figure class=\"wp-block-video\"><video controls src=\"http:\/\/diariodigitalmx.com\/wp-content\/uploads\/2024\/01\/RESCATE-CAN.mp4\"><\/video><\/figure>\n\n\n\n<p>Elementos de Protecci\u00f3n Civil Municipal acudieron a la Colonia Bosques de Escobedo segundo sector, donde rescataron a \u201cLa Negrita, una perrita Rottwailer de 2 a\u00f1os de edad que qued\u00f3 atorada de su cabeza en un barandal de la casa donde hace un a\u00f1o la adoptaron.<br>Patricia P\u00e9rez Tijerina, directora de Protecci\u00f3n Civil de Escobedo, explic\u00f3 que recibieron el llamado de auxilio, por lo que los elementos Jaime Luna y Osvaldo Linares, a bordo de la unidad 31 acudieron al rescate.<br>Los rescatistas llegaron a la vivienda y la se\u00f1ora Rosy, una vecina del lugar relat\u00f3 a los elementos que \u201cLa Negrita\u201d estaba sola en el patio de la casa cuando qued\u00f3 atorada en el barandal.<br>Explic\u00f3 que, al salir de su vivienda, la cual est\u00e1 a lado de la familia que adopt\u00f3 a \u201cLa Negrita\u201d, escuch\u00f3 que \u00e9sta \u201clloraba\u201d y al acercarse para verla la encontr\u00f3 atrapada en el barandal y fue cuando llam\u00f3 a Protecci\u00f3n Civil en busca de ayuda.<br>Al llegar los elementos, durante 15 minutos realizaron maniobras para extraer a \u201cLa Negrita\u201d sin lastimarla.<br>Tras ser rescatada y al no presentar alguna herida, \u201cLa Negrita\u201d fue resguardada por sus due\u00f1os.<br>La se\u00f1ora Rosy agreg\u00f3 que \u201cLa Negrita\u201d lleg\u00f3 hace un a\u00f1o a la calle Isla Dorada donde los vecinos comenzaron a darle comida, sin embargo, la perrita se encari\u00f1o con una peque\u00f1a ni\u00f1a y ante el lazo que formaron, logr\u00f3 conseguir un hogar definitivo.<\/p>\n","protected":false},"excerpt":{"rendered":"<p>Elementos de Protecci\u00f3n Civil Municipal acudieron a la Colonia Bosques de Escobedo segundo sector, donde rescataron a \u201cLa Negrita, una perrita Rottwailer de 2 a\u00f1os de edad que qued\u00f3 atorada de su cabeza en un barandal de la casa donde hace un a\u00f1o la adoptaron.Patricia P\u00e9rez Tijerina, directora de Protecci\u00f3n Civil de Escobedo, explic\u00f3 que [&hellip;]<\/p>\n","protected":false},"author":1,"featured_media":111830,"comment_status":"open","ping_status":"open","sticky":true,"template":"","format":"standard","meta":{"footnotes":""},"categories":[6,5],"tags":[],"_links":{"self":[{"href":"https:\/\/diariodigitalmx.com\/index.php\/wp-json\/wp\/v2\/posts\/111828"}],"collection":[{"href":"https:\/\/diariodigitalmx.com\/index.php\/wp-json\/wp\/v2\/posts"}],"about":[{"href":"https:\/\/diariodigitalmx.com\/index.php\/wp-json\/wp\/v2\/types\/post"}],"author":[{"embeddable":true,"href":"https:\/\/diariodigitalmx.com\/index.php\/wp-json\/wp\/v2\/users\/1"}],"replies":[{"embeddable":true,"href":"https:\/\/diariodigitalmx.com\/index.php\/wp-json\/wp\/v2\/comments?post=111828"}],"version-history":[{"count":2,"href":"https:\/\/diariodigitalmx.com\/index.php\/wp-json\/wp\/v2\/posts\/111828\/revisions"}],"predecessor-version":[{"id":111833,"href":"https:\/\/diariodigitalmx.com\/index.php\/wp-json\/wp\/v2\/posts\/111828\/revisions\/111833"}],"wp:featuredmedia":[{"embeddable":true,"href":"https:\/\/diariodigitalmx.com\/index.php\/wp-json\/wp\/v2\/media\/111830"}],"wp:attachment":[{"href":"https:\/\/diariodigitalmx.com\/index.php\/wp-json\/wp\/v2\/media?parent=111828"}],"wp:term":[{"taxonomy":"category","embeddable":true,"href":"https:\/\/diariodigitalmx.com\/index.php\/wp-json\/wp\/v2\/categories?post=111828"},{"taxonomy":"post_tag","embeddable":true,"href":"https:\/\/diariodigitalmx.com\/index.php\/wp-json\/wp\/v2\/tags?post=111828"}],"curies":[{"name":"wp","href":"https:\/\/api.w.org\/{rel}","templated":true}]}}