{"id":111847,"date":"2024-01-02T17:56:30","date_gmt":"2024-01-02T23:56:30","guid":{"rendered":"http:\/\/diariodigitalmx.com\/?p=111847"},"modified":"2024-01-02T17:57:03","modified_gmt":"2024-01-02T23:57:03","slug":"solicita-waldo-fernandez-que-se-exija-a-alcaldes-que-predial-vaya-a-infraestructura","status":"publish","type":"post","link":"https:\/\/diariodigitalmx.com\/index.php\/2024\/01\/02\/solicita-waldo-fernandez-que-se-exija-a-alcaldes-que-predial-vaya-a-infraestructura\/","title":{"rendered":"Solicita Waldo Fern\u00e1ndez que se exija a alcaldes que Predial vaya a infraestructura"},"content":{"rendered":"\n<p><br>El diputado local de Morena, Waldo felicit\u00f3 a las y los nuevoleoneses que han comenzado a pagar su impuesto predial durante los primeros d\u00edas del 2024, y les invit\u00f3 a que exijan a sus alcaldes que \u00e9ste se vea reflejado en infraestructura municipal.<br>\u201cApenas dos de enero y como es toda una tradici\u00f3n los y las ciudadanas de Nuevo Le\u00f3n acuden a pagar a las oficinas de los municipios y de los bancos en donde viven para pagar su impuesto predial. El dos de enero es un buen momento para reflexionar sobre la importancia de pagar este impuesto, pero tambi\u00e9n la importancia de que se vea reflejado en las calles, hoy llenas de baches y en los servicios p\u00fablicos que generalmente no funcionan\u201d lament\u00f3 Fern\u00e1ndez.<br>El legislador dijo esperar que as\u00ed como los ciudadanos son puntuales con su pago, as\u00ed sean las autoridades municipales para invertirlos en infraestructura municipal.<br>\u201cOjal\u00e1 que esta muestra de buena fe que hacen los ciudadanos cada a\u00f1o pagando puntualmente su impuesto predial, se transmita a todos los alcaldes del \u00c1rea Metropolitana de Monterrey (AMM) y del estado, para que estos impuestos prediales terminen en donde deben estar: en vialidades, en servicios p\u00fablicos para los ciudadanos\u201d dijo.<br>Para ello, felicit\u00f3 a los ciudadanos por cumplir con su parte y los invit\u00f3 a que les exijan a las autoridades correspondientes que cumplan con su trabajo.<br>\u201cDesde aqu\u00ed felicito a las y los ciudadanos de Nuevo Le\u00f3n por cumplir con este impuesto, pero tambi\u00e9n decirles que hay que exigirles a las autoridades que cumplan con su trabajo\u201d.<\/p>\n","protected":false},"excerpt":{"rendered":"<p>El diputado local de Morena, Waldo felicit\u00f3 a las y los nuevoleoneses que han comenzado a pagar su impuesto predial durante los primeros d\u00edas del 2024, y les invit\u00f3 a que exijan a sus alcaldes que \u00e9ste se vea reflejado en infraestructura municipal.\u201cApenas dos de enero y como es toda una tradici\u00f3n los y las [&hellip;]<\/p>\n","protected":false},"author":1,"featured_media":111849,"comment_status":"open","ping_status":"open","sticky":true,"template":"","format":"standard","meta":{"footnotes":""},"categories":[14,6],"tags":[],"_links":{"self":[{"href":"https:\/\/diariodigitalmx.com\/index.php\/wp-json\/wp\/v2\/posts\/111847"}],"collection":[{"href":"https:\/\/diariodigitalmx.com\/index.php\/wp-json\/wp\/v2\/posts"}],"about":[{"href":"https:\/\/diariodigitalmx.com\/index.php\/wp-json\/wp\/v2\/types\/post"}],"author":[{"embeddable":true,"href":"https:\/\/diariodigitalmx.com\/index.php\/wp-json\/wp\/v2\/users\/1"}],"replies":[{"embeddable":true,"href":"https:\/\/diariodigitalmx.com\/index.php\/wp-json\/wp\/v2\/comments?post=111847"}],"version-history":[{"count":1,"href":"https:\/\/diariodigitalmx.com\/index.php\/wp-json\/wp\/v2\/posts\/111847\/revisions"}],"predecessor-version":[{"id":111848,"href":"https:\/\/diariodigitalmx.com\/index.php\/wp-json\/wp\/v2\/posts\/111847\/revisions\/111848"}],"wp:featuredmedia":[{"embeddable":true,"href":"https:\/\/diariodigitalmx.com\/index.php\/wp-json\/wp\/v2\/media\/111849"}],"wp:attachment":[{"href":"https:\/\/diariodigitalmx.com\/index.php\/wp-json\/wp\/v2\/media?parent=111847"}],"wp:term":[{"taxonomy":"category","embeddable":true,"href":"https:\/\/diariodigitalmx.com\/index.php\/wp-json\/wp\/v2\/categories?post=111847"},{"taxonomy":"post_tag","embeddable":true,"href":"https:\/\/diariodigitalmx.com\/index.php\/wp-json\/wp\/v2\/tags?post=111847"}],"curies":[{"name":"wp","href":"https:\/\/api.w.org\/{rel}","templated":true}]}}