{"id":111867,"date":"2024-01-02T19:42:01","date_gmt":"2024-01-03T01:42:01","guid":{"rendered":"http:\/\/diariodigitalmx.com\/?p=111867"},"modified":"2024-01-02T19:44:39","modified_gmt":"2024-01-03T01:44:39","slug":"111867","status":"publish","type":"post","link":"https:\/\/diariodigitalmx.com\/index.php\/2024\/01\/02\/111867\/","title":{"rendered":"El Centinela Urbano contra escasez de agua y mal transporte"},"content":{"rendered":"\n<figure class=\"wp-block-video\"><video controls src=\"http:\/\/diariodigitalmx.com\/wp-content\/uploads\/2024\/01\/VID-20240102-WA0161.mp4\"><\/video><\/figure>\n\n\n\n<p>La Alianza de Usuarios de Servicios P\u00fablicos y Financieros mantiene la lucha en contra de la escasez de agua y el p\u00e9simo servicio de camiones urbanos en el Monterrey metropolitano. Con el personaje de El Centinela Urbano invitan el 6 de enero a &#8220;partirles en su rosca&#8221;, a los titulares de Agua y Drenaje de Monterrey, Juan Ignacio Barrag\u00e1n, y Jos\u00e9 Manuel Valdez Gayt\u00e1n, titular de Movilidad del Estado, los que dicen, se han pasado de rosca, sin solucionar esos problemas.<br>La cita es a las 12:00 horas en el Mercado Ju\u00e1rez el y de enero.<\/p>\n","protected":false},"excerpt":{"rendered":"<p>La Alianza de Usuarios de Servicios P\u00fablicos y Financieros mantiene la lucha en contra de la escasez de agua y el p\u00e9simo servicio de camiones urbanos en el Monterrey metropolitano. Con el personaje de El Centinela Urbano invitan el 6 de enero a &#8220;partirles en su rosca&#8221;, a los titulares de Agua y Drenaje de [&hellip;]<\/p>\n","protected":false},"author":1,"featured_media":111869,"comment_status":"open","ping_status":"open","sticky":true,"template":"","format":"standard","meta":{"footnotes":""},"categories":[14,6],"tags":[],"_links":{"self":[{"href":"https:\/\/diariodigitalmx.com\/index.php\/wp-json\/wp\/v2\/posts\/111867"}],"collection":[{"href":"https:\/\/diariodigitalmx.com\/index.php\/wp-json\/wp\/v2\/posts"}],"about":[{"href":"https:\/\/diariodigitalmx.com\/index.php\/wp-json\/wp\/v2\/types\/post"}],"author":[{"embeddable":true,"href":"https:\/\/diariodigitalmx.com\/index.php\/wp-json\/wp\/v2\/users\/1"}],"replies":[{"embeddable":true,"href":"https:\/\/diariodigitalmx.com\/index.php\/wp-json\/wp\/v2\/comments?post=111867"}],"version-history":[{"count":3,"href":"https:\/\/diariodigitalmx.com\/index.php\/wp-json\/wp\/v2\/posts\/111867\/revisions"}],"predecessor-version":[{"id":111874,"href":"https:\/\/diariodigitalmx.com\/index.php\/wp-json\/wp\/v2\/posts\/111867\/revisions\/111874"}],"wp:featuredmedia":[{"embeddable":true,"href":"https:\/\/diariodigitalmx.com\/index.php\/wp-json\/wp\/v2\/media\/111869"}],"wp:attachment":[{"href":"https:\/\/diariodigitalmx.com\/index.php\/wp-json\/wp\/v2\/media?parent=111867"}],"wp:term":[{"taxonomy":"category","embeddable":true,"href":"https:\/\/diariodigitalmx.com\/index.php\/wp-json\/wp\/v2\/categories?post=111867"},{"taxonomy":"post_tag","embeddable":true,"href":"https:\/\/diariodigitalmx.com\/index.php\/wp-json\/wp\/v2\/tags?post=111867"}],"curies":[{"name":"wp","href":"https:\/\/api.w.org\/{rel}","templated":true}]}}