{"id":111893,"date":"2024-01-03T14:51:56","date_gmt":"2024-01-03T20:51:56","guid":{"rendered":"http:\/\/diariodigitalmx.com\/?p=111893"},"modified":"2024-01-03T14:52:39","modified_gmt":"2024-01-03T20:52:39","slug":"rescatan-a-migrantes-secuestrados-en-tamaulipas","status":"publish","type":"post","link":"https:\/\/diariodigitalmx.com\/index.php\/2024\/01\/03\/rescatan-a-migrantes-secuestrados-en-tamaulipas\/","title":{"rendered":"Rescatan a migrantes secuestrados en Tamaulipas"},"content":{"rendered":"\n<p>El gobernador de Tamaulipas, Am\u00e9rico Villareal Anaya, inform\u00f3 sl gobierno Federal que fueron rescatados sanos y salvos los migrantes secuestrados el pasado 30 de diciembre, en Reynosa.<br>El gobierno estatal confirm\u00f3 que fueron rescatados los extranjeros, aunque subray\u00f3 que se trata de 30 personas, cuyo rescate se habr\u00eda logrado a trav\u00e9s del Operativo Interinstitucional donde particip\u00f3 el Estado, la Guardia Nacional y las fuerzas armadas.<br>Los 31 migrantes fueron privados de la libertad el pasado s\u00e1bado 30 de diciembre en el tramo carretero Reynosa-Matamoros a la altura del municipio de R\u00edo Bravo.<br>Luisa Mar\u00eda Alcalde, Secretaria de Gobernaci\u00f3n, y Jes\u00fas Ram\u00edrez, Vocero de la Presidencia, informaron en redes sociales que los migrantes se encuentran &#8220;sanos y salvos&#8221;.<br>&#8220;Acaba de informarnos el Gobernador Am\u00e9rico Villarreal que fueron rescatados sanos y salvos los 31 migrantes secuestrados en Tamaulipas. Gracias a las autoridades del Estado, a la Guardia Nacional y a las Fuerzas Armadas&#8221;, dijo la funcionaria.<br>A su vez, la Vocer\u00eda de Seguridad de Tamaulipas inform\u00f3 que s\u00f3lo 30 de los 31 migrantes hab\u00edan sido rescatados.<br>&#8220;Se informa que han sido rescatados en el Municipio de R\u00edo Bravo 30 migrantes desaparecidos el 30 de diciembre de 2023&#8221;, abund\u00f3 tras de que el gobernador Am\u00e9rico Villarreal encabez\u00f3 la Mesa Estatal de Construcci\u00f3n de Paz, donde se llevaron a cabo diversas acciones para poder encontrarlos con vida.<br>Una de las acciones fue dar seguimiento de los tel\u00e9fonos de los involucrados, tambi\u00e9n analizaron los videos que grab\u00f3 el autob\u00fas y el seguimientos de las rutas donde se transportaban los migrantes. Asimismo, se despleg\u00f3 una b\u00fasqueda en diversos sitios con binomios caninos.<br>En total viajaban 36 personas en un autob\u00fas de la empresa SENDA n\u00famero 9570, que parti\u00f3 de Nuevo Le\u00f3n rumbo a Matamoros, con escala en Reynosa y luego parti\u00f3 por la ruta federal hacia Matamoros.<br>En un poblado rural cercano a la ciudad de R\u00edo Bravo un comando armado detuvo la marcha de la unidad y despu\u00e9s de revisarla se llev\u00f3 a las 31 personas.<\/p>\n","protected":false},"excerpt":{"rendered":"<p>El gobernador de Tamaulipas, Am\u00e9rico Villareal Anaya, inform\u00f3 sl gobierno Federal que fueron rescatados sanos y salvos los migrantes secuestrados el pasado 30 de diciembre, en Reynosa.El gobierno estatal confirm\u00f3 que fueron rescatados los extranjeros, aunque subray\u00f3 que se trata de 30 personas, cuyo rescate se habr\u00eda logrado a trav\u00e9s del Operativo Interinstitucional donde particip\u00f3 [&hellip;]<\/p>\n","protected":false},"author":1,"featured_media":111895,"comment_status":"open","ping_status":"open","sticky":true,"template":"","format":"standard","meta":{"footnotes":""},"categories":[2,3],"tags":[],"_links":{"self":[{"href":"https:\/\/diariodigitalmx.com\/index.php\/wp-json\/wp\/v2\/posts\/111893"}],"collection":[{"href":"https:\/\/diariodigitalmx.com\/index.php\/wp-json\/wp\/v2\/posts"}],"about":[{"href":"https:\/\/diariodigitalmx.com\/index.php\/wp-json\/wp\/v2\/types\/post"}],"author":[{"embeddable":true,"href":"https:\/\/diariodigitalmx.com\/index.php\/wp-json\/wp\/v2\/users\/1"}],"replies":[{"embeddable":true,"href":"https:\/\/diariodigitalmx.com\/index.php\/wp-json\/wp\/v2\/comments?post=111893"}],"version-history":[{"count":1,"href":"https:\/\/diariodigitalmx.com\/index.php\/wp-json\/wp\/v2\/posts\/111893\/revisions"}],"predecessor-version":[{"id":111894,"href":"https:\/\/diariodigitalmx.com\/index.php\/wp-json\/wp\/v2\/posts\/111893\/revisions\/111894"}],"wp:featuredmedia":[{"embeddable":true,"href":"https:\/\/diariodigitalmx.com\/index.php\/wp-json\/wp\/v2\/media\/111895"}],"wp:attachment":[{"href":"https:\/\/diariodigitalmx.com\/index.php\/wp-json\/wp\/v2\/media?parent=111893"}],"wp:term":[{"taxonomy":"category","embeddable":true,"href":"https:\/\/diariodigitalmx.com\/index.php\/wp-json\/wp\/v2\/categories?post=111893"},{"taxonomy":"post_tag","embeddable":true,"href":"https:\/\/diariodigitalmx.com\/index.php\/wp-json\/wp\/v2\/tags?post=111893"}],"curies":[{"name":"wp","href":"https:\/\/api.w.org\/{rel}","templated":true}]}}