{"id":111920,"date":"2024-01-04T00:05:26","date_gmt":"2024-01-04T06:05:26","guid":{"rendered":"http:\/\/diariodigitalmx.com\/?p=111920"},"modified":"2024-01-04T00:06:05","modified_gmt":"2024-01-04T06:06:05","slug":"el-orgullo-no-es-de-dios","status":"publish","type":"post","link":"https:\/\/diariodigitalmx.com\/index.php\/2024\/01\/04\/el-orgullo-no-es-de-dios\/","title":{"rendered":"El orgullo no es de Dios\u00a0"},"content":{"rendered":"\n<p>La creaci\u00f3n de Ad\u00e1n es una de las pinturas al fresco de Miguel \u00c1ngel Buonarroti que decoran la b\u00f3veda de la Capilla Sixtina.<\/p>\n\n\n\n<p>En ella, vemos a un Dios que se acerca con fuerza, intensidad y lleno de dinamismo creador a la humanidad, que permanece l\u00e1nguida y vacilante.<\/p>\n\n\n\n<p>El dedo contra\u00eddo de Ad\u00e1n frente al de Dios extendido, representa el albedr\u00edo que \u00c9l nos ha dado para decidir acercarnos con plena libertad, y c\u00f3mo elegimos no obedecerlo a pesar de que \u00c9l viene a nosotros lleno de poder y amor.<\/p>\n\n\n\n<p>Fue el orgullo el que nos sac\u00f3 del jard\u00edn, porque dudamos y cre\u00edmos que pod\u00edamos ser igual a Dios y vivimos con esa idea desde entonces.<\/p>\n\n\n\n<p>Desde el principio, a pesar de nuestras faltas, Dios se ha esforzado por restaurar ese lugar de comuni\u00f3n, donde Ad\u00e1n hablaba con Dios con libertad y aunque estaba desnudo, no se avergonzaba, donde confiaba plenamente en \u00c9l y Su voluntad, y trabajaba de acuerdo a Sus instrucciones.<\/p>\n\n\n\n<p>Dejemos de vacilar y de usar el albedr\u00edo como pretexto para quedarnos fuera, hay una jard\u00edn de delicias a Su diestra. Aparte el orgullo y vuelva con humildad al Se\u00f1or.<\/p>\n\n\n\n<p>\u00bfCree esto? Hable con Dios, lea la Biblia y desc\u00fabralo.&nbsp; Solo la Verdad nos har\u00e1 verdaderamente libres.<\/p>\n\n\n\n<p>G\u00e9nesis 2:17 | Hebreos 3:15<\/p>\n\n\n\n<p>Email&nbsp;<a href=\"mailto:mujervirtuosa@instruccionespersonales.com\" target=\"_blank\" rel=\"noreferrer noopener\">mujervirtuosa@instruccionespersonales.com<br><\/a>Facebook e Instagram, @<a href=\"https:\/\/www.facebook.com\/InstruccionesPersonales\" target=\"_blank\" rel=\"noreferrer noopener\">InstruccionesPersonales<\/a>&nbsp;<\/p>\n\n\n\n<p>Whatsapp:&nbsp;<a href=\"https:\/\/chat.whatsapp.com\/IvEOo3fLUPB760llpNegXy\" target=\"_blank\" rel=\"noreferrer noopener\">https:\/\/chat.whatsapp.com\/IvEOo3fLUPB760llpNegXy<\/a>&nbsp;&nbsp;&nbsp;&nbsp;&nbsp;<\/p>\n\n\n\n<p>Telegram:&nbsp;<a href=\"https:\/\/t.me\/joinchat\/GadGUwf0PUjYH44I\" target=\"_blank\" rel=\"noreferrer noopener\">https:\/\/t.me\/joinchat\/GadGUwf0PUjYH44I<\/a>&nbsp;<\/p>\n","protected":false},"excerpt":{"rendered":"<p>La creaci\u00f3n de Ad\u00e1n es una de las pinturas al fresco de Miguel \u00c1ngel Buonarroti que decoran la b\u00f3veda de la Capilla Sixtina. En ella, vemos a un Dios que se acerca con fuerza, intensidad y lleno de dinamismo creador a la humanidad, que permanece l\u00e1nguida y vacilante. El dedo contra\u00eddo de Ad\u00e1n frente al [&hellip;]<\/p>\n","protected":false},"author":1,"featured_media":111922,"comment_status":"open","ping_status":"open","sticky":true,"template":"","format":"standard","meta":{"footnotes":""},"categories":[14,12],"tags":[],"_links":{"self":[{"href":"https:\/\/diariodigitalmx.com\/index.php\/wp-json\/wp\/v2\/posts\/111920"}],"collection":[{"href":"https:\/\/diariodigitalmx.com\/index.php\/wp-json\/wp\/v2\/posts"}],"about":[{"href":"https:\/\/diariodigitalmx.com\/index.php\/wp-json\/wp\/v2\/types\/post"}],"author":[{"embeddable":true,"href":"https:\/\/diariodigitalmx.com\/index.php\/wp-json\/wp\/v2\/users\/1"}],"replies":[{"embeddable":true,"href":"https:\/\/diariodigitalmx.com\/index.php\/wp-json\/wp\/v2\/comments?post=111920"}],"version-history":[{"count":1,"href":"https:\/\/diariodigitalmx.com\/index.php\/wp-json\/wp\/v2\/posts\/111920\/revisions"}],"predecessor-version":[{"id":111921,"href":"https:\/\/diariodigitalmx.com\/index.php\/wp-json\/wp\/v2\/posts\/111920\/revisions\/111921"}],"wp:featuredmedia":[{"embeddable":true,"href":"https:\/\/diariodigitalmx.com\/index.php\/wp-json\/wp\/v2\/media\/111922"}],"wp:attachment":[{"href":"https:\/\/diariodigitalmx.com\/index.php\/wp-json\/wp\/v2\/media?parent=111920"}],"wp:term":[{"taxonomy":"category","embeddable":true,"href":"https:\/\/diariodigitalmx.com\/index.php\/wp-json\/wp\/v2\/categories?post=111920"},{"taxonomy":"post_tag","embeddable":true,"href":"https:\/\/diariodigitalmx.com\/index.php\/wp-json\/wp\/v2\/tags?post=111920"}],"curies":[{"name":"wp","href":"https:\/\/api.w.org\/{rel}","templated":true}]}}