{"id":111941,"date":"2024-01-04T17:46:46","date_gmt":"2024-01-04T23:46:46","guid":{"rendered":"http:\/\/diariodigitalmx.com\/?p=111941"},"modified":"2024-01-04T17:48:44","modified_gmt":"2024-01-04T23:48:44","slug":"invertir-y-desarrollar-lugares-de-origen-para-solucionar-crisis-migratoria-propone-claudia-sheinbaum","status":"publish","type":"post","link":"https:\/\/diariodigitalmx.com\/index.php\/2024\/01\/04\/invertir-y-desarrollar-lugares-de-origen-para-solucionar-crisis-migratoria-propone-claudia-sheinbaum\/","title":{"rendered":"Invertir y desarrollar lugares de origen para solucionar crisis migratoria, propone Claudia Sheinbaum"},"content":{"rendered":"\n<p><br>Monterrey . &#8211; Claudia Sheinbaum Sheinbaum consider\u00f3 como una soluci\u00f3n al problema migratorio, el que se realicen inversiones en los lugares donde se expulsa a las personas, que por necesidad buscan llegar a Estados Unidos.<br>Se pronunci\u00f3 por el di\u00e1logo con Estados Unidos para que se generen condiciones dignas, visas de trabajo para una migraci\u00f3n controlada y, seguridad en m\u00e1s carreteras.<br>La aspirante presidencial que en Nuevo Le\u00f3n realiza pre campa\u00f1a, habl\u00f3 a la prensa sobre el plagio de migrantes en la Autopista Reynosa-Matamoros, y destac\u00f3 adem\u00e1s de la vigilancia en las carreteras, fortalecer el trabajo del gobierno mexicano con los migrantes en M\u00e9xico.<br>Claudia Sheinbaum inform\u00f3 que la gran mayor\u00eda de los migrantes no son nacionales, sino que vienen de otros Pa\u00edses.<br>Propuso insistir con Estados Unidos, independientemente quien vaya a ganar la elecci\u00f3n en el 2024, la cooperaci\u00f3n para el desarrollo, invertir en los lugares en donde se est\u00e1 expulsando personas por necesidad.<\/p>\n\n\n\n<figure class=\"wp-block-image size-large\"><img loading=\"lazy\" decoding=\"async\" width=\"1024\" height=\"514\" src=\"http:\/\/diariodigitalmx.com\/wp-content\/uploads\/2024\/01\/IMG-20240104-WA0063-1024x514.jpg\" alt=\"\" class=\"wp-image-111945\" srcset=\"https:\/\/diariodigitalmx.com\/wp-content\/uploads\/2024\/01\/IMG-20240104-WA0063-1024x514.jpg 1024w, https:\/\/diariodigitalmx.com\/wp-content\/uploads\/2024\/01\/IMG-20240104-WA0063-300x150.jpg 300w, https:\/\/diariodigitalmx.com\/wp-content\/uploads\/2024\/01\/IMG-20240104-WA0063-768x385.jpg 768w, https:\/\/diariodigitalmx.com\/wp-content\/uploads\/2024\/01\/IMG-20240104-WA0063.jpg 1501w\" sizes=\"(max-width: 1024px) 100vw, 1024px\" \/><\/figure>\n\n\n\n<p>&#8220;Como dice el Presidente Biden la gente no migra por gusto, sino migra por necesidad y la \u00fanica manera de resolver el problema de la migraci\u00f3n pues es invertir y que se generen condiciones de vida dignas en los lugares donde las personas est\u00e1n migrando, lo que ha dicho el Presidente de la Rep\u00fablica, en el sureste de M\u00e9xico ha disminuido la migraci\u00f3n porque hay trabajo, entonces hay que insistir en eso y en visas de trabajo controladas&#8221;, a\u00f1adio.<br>Por otro lado, abord\u00f3 temas locales y defendi\u00f3 el Acueducto El Cuchillo 2, que ha sido inaugurado en dos ocasiones y que, pese a ello, algunos sectores metropolitanos siguen con problemas de abasto de agua.<br>Dijo que la obra del presidente L\u00f3pez Obrador ha funcionado y mejor\u00f3 el abasto del agua desde la presa El Cuchillo.<br>&#8220;Hay m\u00e1s agua de la que hab\u00eda antes sin esa obra, lo he platicado con empresarios en Nuevo Le\u00f3n, con el propio gobernador en su momento cuando platic\u00e1bamos que yo era jefe de Gobierno, con expertos, El Cuchillo 2 da para cierto periodo y tiene que funcionar eficientemente&#8221;.<\/p>\n\n\n\n<figure class=\"wp-block-image size-full\"><img loading=\"lazy\" decoding=\"async\" width=\"808\" height=\"696\" src=\"http:\/\/diariodigitalmx.com\/wp-content\/uploads\/2024\/01\/IMG_20240104_174509_750.webp\" alt=\"\" class=\"wp-image-111947\" srcset=\"https:\/\/diariodigitalmx.com\/wp-content\/uploads\/2024\/01\/IMG_20240104_174509_750.webp 808w, https:\/\/diariodigitalmx.com\/wp-content\/uploads\/2024\/01\/IMG_20240104_174509_750-300x258.webp 300w, https:\/\/diariodigitalmx.com\/wp-content\/uploads\/2024\/01\/IMG_20240104_174509_750-768x662.webp 768w\" sizes=\"(max-width: 808px) 100vw, 808px\" \/><\/figure>\n\n\n\n<p>&#8220;Esta operando y tiene que mejorarse su operaci\u00f3n pero es una obra que est\u00e1 ah\u00ed, no se puede negar que la obra esta ah\u00ed, ahora hay que seguir trabajando para el futuro de Nuevo Le\u00f3n&#8221;, abund\u00f3.<br>Sheinbaum se reuni\u00f3 con grupos de Morena en un hotel de la localidad, posteriormente tuvo un evento masivo en el municipio de Apodaca, adem\u00e1s de tener agendada otra reuni\u00f3n por la tarde en Ju\u00e1rez, ambas municipalidades bastiones priistas.<\/p>\n","protected":false},"excerpt":{"rendered":"<p>Monterrey . &#8211; Claudia Sheinbaum Sheinbaum consider\u00f3 como una soluci\u00f3n al problema migratorio, el que se realicen inversiones en los lugares donde se expulsa a las personas, que por necesidad buscan llegar a Estados Unidos.Se pronunci\u00f3 por el di\u00e1logo con Estados Unidos para que se generen condiciones dignas, visas de trabajo para una migraci\u00f3n controlada [&hellip;]<\/p>\n","protected":false},"author":1,"featured_media":111943,"comment_status":"open","ping_status":"open","sticky":true,"template":"","format":"standard","meta":{"footnotes":""},"categories":[6,3],"tags":[],"_links":{"self":[{"href":"https:\/\/diariodigitalmx.com\/index.php\/wp-json\/wp\/v2\/posts\/111941"}],"collection":[{"href":"https:\/\/diariodigitalmx.com\/index.php\/wp-json\/wp\/v2\/posts"}],"about":[{"href":"https:\/\/diariodigitalmx.com\/index.php\/wp-json\/wp\/v2\/types\/post"}],"author":[{"embeddable":true,"href":"https:\/\/diariodigitalmx.com\/index.php\/wp-json\/wp\/v2\/users\/1"}],"replies":[{"embeddable":true,"href":"https:\/\/diariodigitalmx.com\/index.php\/wp-json\/wp\/v2\/comments?post=111941"}],"version-history":[{"count":3,"href":"https:\/\/diariodigitalmx.com\/index.php\/wp-json\/wp\/v2\/posts\/111941\/revisions"}],"predecessor-version":[{"id":111948,"href":"https:\/\/diariodigitalmx.com\/index.php\/wp-json\/wp\/v2\/posts\/111941\/revisions\/111948"}],"wp:featuredmedia":[{"embeddable":true,"href":"https:\/\/diariodigitalmx.com\/index.php\/wp-json\/wp\/v2\/media\/111943"}],"wp:attachment":[{"href":"https:\/\/diariodigitalmx.com\/index.php\/wp-json\/wp\/v2\/media?parent=111941"}],"wp:term":[{"taxonomy":"category","embeddable":true,"href":"https:\/\/diariodigitalmx.com\/index.php\/wp-json\/wp\/v2\/categories?post=111941"},{"taxonomy":"post_tag","embeddable":true,"href":"https:\/\/diariodigitalmx.com\/index.php\/wp-json\/wp\/v2\/tags?post=111941"}],"curies":[{"name":"wp","href":"https:\/\/api.w.org\/{rel}","templated":true}]}}