{"id":112143,"date":"2024-01-08T17:32:32","date_gmt":"2024-01-08T23:32:32","guid":{"rendered":"http:\/\/diariodigitalmx.com\/?p=112143"},"modified":"2024-01-08T17:33:17","modified_gmt":"2024-01-08T23:33:17","slug":"deja-pvem-porque-no-lo-hicieron-candidato-a-alcalde-y-se-va-a-mc-por-lo-que-desaparece-el-verde-en-el-congreso-local-de-nl","status":"publish","type":"post","link":"https:\/\/diariodigitalmx.com\/index.php\/2024\/01\/08\/deja-pvem-porque-no-lo-hicieron-candidato-a-alcalde-y-se-va-a-mc-por-lo-que-desaparece-el-verde-en-el-congreso-local-de-nl\/","title":{"rendered":"Deja PVEM porque no lo hicieron candidato a Alcalde y se va a MC por lo que desaparece el Verde en el Congreso Local de NL"},"content":{"rendered":"\n<p>Monterrey.-El diputado local Ra\u00fal Lozano desapareci\u00f3 a su partido Verde Ecologista, en el Congreso Local, al renunciar e irse a Movimiento Ciudadano, simplemente porque no le dieron la candidatura a la Alcald\u00eda del municipio de Garc\u00eda.<\/p>\n\n\n\n<p>El legislador era el \u00fanico en el PVEM por lo que desaparece la representaci\u00f3n de ese partido con la decisi\u00f3n de Lozano<\/p>\n\n\n\n<p>&#8220;Lo hago porque no asimilo que mi propio partido, en lugar de apoyarme y valorar mi trabajo de m\u00e1s de 15 a\u00f1os y de aspirar leg\u00cdtimamente por la candidatura a al Alcald\u00eda de Garc\u00eda, haya optado por entregarle todos los espacios de representaci\u00f3n electoral a un grupo pol\u00edtico distinto y ajeno al del Partido Verde y no darle espacio a un militante&#8221;, argument\u00f3 Lozano quien ha mantenido una diputaci\u00f3n gris, pero que como voto servir\u00e1 a MC.<\/p>\n\n\n\n<p>En un comunicado, asegur\u00f3 que no ten\u00eda pensado renunciar a<br>pero que las circunstancias lo obligaron a tomar la decisi\u00f3n.<\/p>\n\n\n\n<p>&#8220;Les informo sobre mi renuncia al Partido Verde Ecologista de M\u00e9xico. Renuncio porque no puedo permitir que vulneren mis derechos partidistas y electorales pero sobre todo, y muy particularmente, atenten contra mi lealtad de tantos a\u00f1os hacia el partido&#8221;.<\/p>\n\n\n\n<p>&#8220;Es por tal raz\u00f3n que he decidido dejar la fracci\u00f3n legislativa del Partido Verde, porque si algo debe distinguirnos a los pol\u00edticos es a honrar al palabra y la dignidad que por lo menos en mi caso, no es negociable&#8221;.<\/p>\n\n\n\n<p>Adem\u00e1s, en un escrito enviado a la Mesa Directiva del Congreso anuncia su salida del PVEM y solicita que lo sumen a la fracci\u00f3n de MC, el partido oficial del gobierno que ahora tiene 12 diputados.<\/p>\n","protected":false},"excerpt":{"rendered":"<p>Monterrey.-El diputado local Ra\u00fal Lozano desapareci\u00f3 a su partido Verde Ecologista, en el Congreso Local, al renunciar e irse a Movimiento Ciudadano, simplemente porque no le dieron la candidatura a la Alcald\u00eda del municipio de Garc\u00eda. El legislador era el \u00fanico en el PVEM por lo que desaparece la representaci\u00f3n de ese partido con la [&hellip;]<\/p>\n","protected":false},"author":1,"featured_media":112145,"comment_status":"open","ping_status":"open","sticky":true,"template":"","format":"standard","meta":{"footnotes":""},"categories":[14,6],"tags":[],"_links":{"self":[{"href":"https:\/\/diariodigitalmx.com\/index.php\/wp-json\/wp\/v2\/posts\/112143"}],"collection":[{"href":"https:\/\/diariodigitalmx.com\/index.php\/wp-json\/wp\/v2\/posts"}],"about":[{"href":"https:\/\/diariodigitalmx.com\/index.php\/wp-json\/wp\/v2\/types\/post"}],"author":[{"embeddable":true,"href":"https:\/\/diariodigitalmx.com\/index.php\/wp-json\/wp\/v2\/users\/1"}],"replies":[{"embeddable":true,"href":"https:\/\/diariodigitalmx.com\/index.php\/wp-json\/wp\/v2\/comments?post=112143"}],"version-history":[{"count":1,"href":"https:\/\/diariodigitalmx.com\/index.php\/wp-json\/wp\/v2\/posts\/112143\/revisions"}],"predecessor-version":[{"id":112144,"href":"https:\/\/diariodigitalmx.com\/index.php\/wp-json\/wp\/v2\/posts\/112143\/revisions\/112144"}],"wp:featuredmedia":[{"embeddable":true,"href":"https:\/\/diariodigitalmx.com\/index.php\/wp-json\/wp\/v2\/media\/112145"}],"wp:attachment":[{"href":"https:\/\/diariodigitalmx.com\/index.php\/wp-json\/wp\/v2\/media?parent=112143"}],"wp:term":[{"taxonomy":"category","embeddable":true,"href":"https:\/\/diariodigitalmx.com\/index.php\/wp-json\/wp\/v2\/categories?post=112143"},{"taxonomy":"post_tag","embeddable":true,"href":"https:\/\/diariodigitalmx.com\/index.php\/wp-json\/wp\/v2\/tags?post=112143"}],"curies":[{"name":"wp","href":"https:\/\/api.w.org\/{rel}","templated":true}]}}