{"id":112202,"date":"2024-01-09T11:08:03","date_gmt":"2024-01-09T17:08:03","guid":{"rendered":"http:\/\/diariodigitalmx.com\/?p=112202"},"modified":"2024-01-09T11:08:57","modified_gmt":"2024-01-09T17:08:57","slug":"carlos-bremer","status":"publish","type":"post","link":"https:\/\/diariodigitalmx.com\/index.php\/2024\/01\/09\/carlos-bremer\/","title":{"rendered":"Carlos Bremer"},"content":{"rendered":"\n<p><strong>C<\/strong>lara Villarreal <\/p>\n\n\n\n<p>El hombre que supo poner su \u00e9xito al servicio de los dem\u00e1s. Familiares, amigos, empresarios, colegas, trabajadores y una gran comunidad lamentamos profundamente la p\u00e9rdida de Carlos Bremer Guti\u00e9rrez, un ser humano excepcional que dej\u00f3 una huella imborrable en nuestra comunidad. Su fallecimiento deja un vac\u00edo dif\u00edcil de llenar; ya que pocos hombres y mujeres se atreven a ocupar esos espacios llenos de entrega y compromiso. Carlos se destac\u00f3; por encima de todo, por su excepcional calidad humana. Su generosidad y empat\u00eda trascendieron las fronteras de los negocios, convirti\u00e9ndolo en un verdadero amigo y apoyo para numerosos emprendedores, artistas y deportistas. Su compromiso con el desarrollo de talento y el impulso de proyectos innovadores le vali\u00f3 el reconocimiento y admiraci\u00f3n de quienes se beneficiaron de su respaldo. Como cada semana desde hace nueve a\u00f1os, escribo mi columna semanal, pero en esta ocasi\u00f3n me remontar\u00e9 a mi columna a la cual nombr\u00e9: \u201cPonernos de pie\u201d, publicada el 29 de mayo de 2018, donde escrib\u00ed sobre un acto que presenci\u00e9 en la llegada de Carlos Bremer al restaurante El Mirador en Monterrey. En la mesa contigua a la m\u00eda, seis personas lo esperaban con expectaci\u00f3n: cinco hombres y una mujer. Desde mi posici\u00f3n, pude ser testigo directo de un gesto que me dej\u00f3 gratamente sorprendida. Tan pronto como Bremer se acerc\u00f3, todos se pusieron de pie para recibirlo. La admiraci\u00f3n, el respeto y el cari\u00f1o eran palpables en ese gesto genuino. Al finalizar mi columna invit\u00e9 a la reflexi\u00f3n: Ojal\u00e1 podamos tomar ejemplo de personas como Bremer y dirigir nuestras acciones hacia la construcci\u00f3n de \u00e9xitos, beneficios y sociedades que valgan la pena admirar. No se trata de buscar la admiraci\u00f3n por s\u00ed misma, sino de contribuir a la creaci\u00f3n de comunidades dignas de respeto y admiraci\u00f3n. Y cerr\u00e9 con la frase: Y t\u00fa \u00bfpor qui\u00e9n te pones de pie? Carlos Bremer Guti\u00e9rrez no ha dejado de existir, pues su legado perdurar\u00e1 a lo largo de las d\u00e9cadas en las cuales continuar\u00e1 siendo evocado en diversas instancias de la vida cotidiana. Hoy, Bremer trasciende el \u00e1mbito f\u00edsico y se arraiga en la memoria colectiva. Su presencia se extiende a trav\u00e9s de las mesas de negocios donde sus ense\u00f1anzas y experiencias inspirar\u00e1n decisiones estrat\u00e9gicas. Estar\u00e1 presente en las reuniones familiares y encuentros entre amigos, donde sus an\u00e9cdotas ser\u00e1n contadas con cari\u00f1o y admiraci\u00f3n. En eventos acad\u00e9micos, conferencias y charlas, donde continuar\u00e1 resonando, dejando una marca imborrable en aquellos que buscan inspiraci\u00f3n y gu\u00eda. La prensa escrita lo inmortalizar\u00e1 en sus p\u00e1ginas, destacando sus logros y el impacto positivo que dej\u00f3 en el mundo de los negocios. Sin olvidar las 500 calculadoras. Las redes sociales, ese vasto espacio digital que conecta a personas de todo el mundo, tambi\u00e9n ser\u00e1n testigos de su legado. Mensajes de gratitud, reflexiones y homenajes mantendr\u00e1n viva la memoria de Carlos Bremer, recordando su influencia en la vida de quienes tuvieron el privilegio de conocerlo. As\u00ed, la muerte f\u00edsica no es el fin definitivo, sino una transformaci\u00f3n que da paso a la eternidad de la memoria. Carlos Bremer Guti\u00e9rrez, lejos de desaparecer, se convierte en un ser inmortal en la mente y coraz\u00f3n de aquellos a quienes toc\u00f3 con su sabidur\u00eda, generosidad y calidad humana. Q.E.P.D. y que en memoria viva. Twitter: @claravillarreal\u00a0<a href=\"mailto:contacto@claravillarreal.com\" target=\"_blank\" rel=\"noreferrer noopener\">contacto@claravillarreal.com<\/a><\/p>\n","protected":false},"excerpt":{"rendered":"<p>Clara Villarreal El hombre que supo poner su \u00e9xito al servicio de los dem\u00e1s. Familiares, amigos, empresarios, colegas, trabajadores y una gran comunidad lamentamos profundamente la p\u00e9rdida de Carlos Bremer Guti\u00e9rrez, un ser humano excepcional que dej\u00f3 una huella imborrable en nuestra comunidad. Su fallecimiento deja un vac\u00edo dif\u00edcil de llenar; ya que pocos hombres [&hellip;]<\/p>\n","protected":false},"author":1,"featured_media":112204,"comment_status":"open","ping_status":"open","sticky":true,"template":"","format":"standard","meta":{"footnotes":""},"categories":[14,12],"tags":[],"_links":{"self":[{"href":"https:\/\/diariodigitalmx.com\/index.php\/wp-json\/wp\/v2\/posts\/112202"}],"collection":[{"href":"https:\/\/diariodigitalmx.com\/index.php\/wp-json\/wp\/v2\/posts"}],"about":[{"href":"https:\/\/diariodigitalmx.com\/index.php\/wp-json\/wp\/v2\/types\/post"}],"author":[{"embeddable":true,"href":"https:\/\/diariodigitalmx.com\/index.php\/wp-json\/wp\/v2\/users\/1"}],"replies":[{"embeddable":true,"href":"https:\/\/diariodigitalmx.com\/index.php\/wp-json\/wp\/v2\/comments?post=112202"}],"version-history":[{"count":1,"href":"https:\/\/diariodigitalmx.com\/index.php\/wp-json\/wp\/v2\/posts\/112202\/revisions"}],"predecessor-version":[{"id":112203,"href":"https:\/\/diariodigitalmx.com\/index.php\/wp-json\/wp\/v2\/posts\/112202\/revisions\/112203"}],"wp:featuredmedia":[{"embeddable":true,"href":"https:\/\/diariodigitalmx.com\/index.php\/wp-json\/wp\/v2\/media\/112204"}],"wp:attachment":[{"href":"https:\/\/diariodigitalmx.com\/index.php\/wp-json\/wp\/v2\/media?parent=112202"}],"wp:term":[{"taxonomy":"category","embeddable":true,"href":"https:\/\/diariodigitalmx.com\/index.php\/wp-json\/wp\/v2\/categories?post=112202"},{"taxonomy":"post_tag","embeddable":true,"href":"https:\/\/diariodigitalmx.com\/index.php\/wp-json\/wp\/v2\/tags?post=112202"}],"curies":[{"name":"wp","href":"https:\/\/api.w.org\/{rel}","templated":true}]}}