{"id":112210,"date":"2024-01-09T16:41:59","date_gmt":"2024-01-09T22:41:59","guid":{"rendered":"http:\/\/diariodigitalmx.com\/?p=112210"},"modified":"2024-01-09T16:44:39","modified_gmt":"2024-01-09T22:44:39","slug":"refuerza-escobedo-programa-de-bacheo-2","status":"publish","type":"post","link":"https:\/\/diariodigitalmx.com\/index.php\/2024\/01\/09\/refuerza-escobedo-programa-de-bacheo-2\/","title":{"rendered":"Refuerza Escobedo programa de bacheo"},"content":{"rendered":"\n<figure class=\"wp-block-image size-large\"><img loading=\"lazy\" decoding=\"async\" width=\"1024\" height=\"683\" src=\"http:\/\/diariodigitalmx.com\/wp-content\/uploads\/2024\/01\/Q9A0772-1024x683.jpg\" alt=\"\" class=\"wp-image-112214\" srcset=\"https:\/\/diariodigitalmx.com\/wp-content\/uploads\/2024\/01\/Q9A0772-1024x683.jpg 1024w, https:\/\/diariodigitalmx.com\/wp-content\/uploads\/2024\/01\/Q9A0772-300x200.jpg 300w, https:\/\/diariodigitalmx.com\/wp-content\/uploads\/2024\/01\/Q9A0772-768x512.jpg 768w, https:\/\/diariodigitalmx.com\/wp-content\/uploads\/2024\/01\/Q9A0772-1536x1024.jpg 1536w, https:\/\/diariodigitalmx.com\/wp-content\/uploads\/2024\/01\/Q9A0772-2048x1365.jpg 2048w\" sizes=\"(max-width: 1024px) 100vw, 1024px\" \/><\/figure>\n\n\n\n<p>El Municipio de Escobedo reforz\u00f3 el programa de bacheo para reparar los da\u00f1os registrados en el pavimento en diversos puntos de la Ciudad.<\/p>\n\n\n\n<p>Personal de Servicios P\u00fablicos se despleg\u00f3 por diversas zonas de Escobedo para atender los reportes ciudadanos de forma simult\u00e1nea.<\/p>\n\n\n\n<p>Una de las cuadrillas se centr\u00f3 en la reparaci\u00f3n de la calle Jos\u00e9 Silvestre Aramberri, en su tramo entre la Avenida Ra\u00fal Caballero y Guadalupe Victoria, en la Colonia Los Olivos.<\/p>\n\n\n\n<figure class=\"wp-block-image size-large\"><img loading=\"lazy\" decoding=\"async\" width=\"1024\" height=\"683\" src=\"http:\/\/diariodigitalmx.com\/wp-content\/uploads\/2024\/01\/Q9A0714-1024x683.jpg\" alt=\"\" class=\"wp-image-112217\" srcset=\"https:\/\/diariodigitalmx.com\/wp-content\/uploads\/2024\/01\/Q9A0714-1024x683.jpg 1024w, https:\/\/diariodigitalmx.com\/wp-content\/uploads\/2024\/01\/Q9A0714-300x200.jpg 300w, https:\/\/diariodigitalmx.com\/wp-content\/uploads\/2024\/01\/Q9A0714-768x512.jpg 768w, https:\/\/diariodigitalmx.com\/wp-content\/uploads\/2024\/01\/Q9A0714-1536x1024.jpg 1536w, https:\/\/diariodigitalmx.com\/wp-content\/uploads\/2024\/01\/Q9A0714-2048x1365.jpg 2048w\" sizes=\"(max-width: 1024px) 100vw, 1024px\" \/><\/figure>\n\n\n\n<p>En el se\u00f1ado lugar, se repararon 40 metros cuadrados de carpeta asf\u00e1ltica atacando los principales baches que afectaban la vialidad de la zona.<\/p>\n\n\n\n<p>Los trabajos de bacheo tambi\u00e9n llegaron a la Avenida Manuel L. Barrag\u00e1n, entre las avenidas Ju\u00e1rez y Sendero, donde otra cuadrilla se enfoc\u00f3 a reparar las imperfecciones que se encontraban en la zona y brindar as\u00ed una vialidad de calidad.<\/p>\n\n\n\n<p>Asimismo, con el Programa de Mejoramiento de Vialidades se intervino la Colonia Nuevo Escobedo, en donde se trabaj\u00f3 directamente en la calle Antiguo Camino a San Martin, en su tramo de Camino Real a Fidel Vel\u00e1zquez.<\/p>\n\n\n\n<p>Adem\u00e1s, se est\u00e1 trabajando en la reparaci\u00f3n de pavimento con bacheo de alta presi\u00f3n en la Carretera a Monclova, en su tramo entre Carretera a Colombia a Fidel Vel\u00e1zquez, acciones que complementan a las labores que se est\u00e1n realizando para intervenir el Distribuidor Tri\u00e1ngulo Norte.<\/p>\n\n\n\n<p>Las personas que deseen reportar baches o da\u00f1os en la carpeta asf\u00e1ltica lo pueden hacer llamando al Centro Integral de Atenci\u00f3n Ciudadana de Escobedo (CIACE), en el 81.8384.5901.<\/p>\n","protected":false},"excerpt":{"rendered":"<p>El Municipio de Escobedo reforz\u00f3 el programa de bacheo para reparar los da\u00f1os registrados en el pavimento en diversos puntos de la Ciudad. Personal de Servicios P\u00fablicos se despleg\u00f3 por diversas zonas de Escobedo para atender los reportes ciudadanos de forma simult\u00e1nea. Una de las cuadrillas se centr\u00f3 en la reparaci\u00f3n de la calle Jos\u00e9 [&hellip;]<\/p>\n","protected":false},"author":1,"featured_media":112212,"comment_status":"open","ping_status":"open","sticky":true,"template":"","format":"standard","meta":{"footnotes":""},"categories":[14,6],"tags":[],"_links":{"self":[{"href":"https:\/\/diariodigitalmx.com\/index.php\/wp-json\/wp\/v2\/posts\/112210"}],"collection":[{"href":"https:\/\/diariodigitalmx.com\/index.php\/wp-json\/wp\/v2\/posts"}],"about":[{"href":"https:\/\/diariodigitalmx.com\/index.php\/wp-json\/wp\/v2\/types\/post"}],"author":[{"embeddable":true,"href":"https:\/\/diariodigitalmx.com\/index.php\/wp-json\/wp\/v2\/users\/1"}],"replies":[{"embeddable":true,"href":"https:\/\/diariodigitalmx.com\/index.php\/wp-json\/wp\/v2\/comments?post=112210"}],"version-history":[{"count":3,"href":"https:\/\/diariodigitalmx.com\/index.php\/wp-json\/wp\/v2\/posts\/112210\/revisions"}],"predecessor-version":[{"id":112218,"href":"https:\/\/diariodigitalmx.com\/index.php\/wp-json\/wp\/v2\/posts\/112210\/revisions\/112218"}],"wp:featuredmedia":[{"embeddable":true,"href":"https:\/\/diariodigitalmx.com\/index.php\/wp-json\/wp\/v2\/media\/112212"}],"wp:attachment":[{"href":"https:\/\/diariodigitalmx.com\/index.php\/wp-json\/wp\/v2\/media?parent=112210"}],"wp:term":[{"taxonomy":"category","embeddable":true,"href":"https:\/\/diariodigitalmx.com\/index.php\/wp-json\/wp\/v2\/categories?post=112210"},{"taxonomy":"post_tag","embeddable":true,"href":"https:\/\/diariodigitalmx.com\/index.php\/wp-json\/wp\/v2\/tags?post=112210"}],"curies":[{"name":"wp","href":"https:\/\/api.w.org\/{rel}","templated":true}]}}