{"id":112226,"date":"2024-01-09T18:45:00","date_gmt":"2024-01-10T00:45:00","guid":{"rendered":"http:\/\/diariodigitalmx.com\/?p=112226"},"modified":"2024-01-09T18:45:51","modified_gmt":"2024-01-10T00:45:51","slug":"maynez-el-candidato-de-mc","status":"publish","type":"post","link":"https:\/\/diariodigitalmx.com\/index.php\/2024\/01\/09\/maynez-el-candidato-de-mc\/","title":{"rendered":"M\u00e1ynez el candidato de MC"},"content":{"rendered":"\n<p><br>Jorge \u00c1lvarez M\u00e1ynez, coordinador de los diputados federales de Movimiento Ciudadano ser\u00e1 el candidato presidencial de ese partido, anunci\u00f3 el gobernador de Nuevo Le\u00f3n, Samuel Garc\u00eda.<br>&#8220;Tenemos candidato muy bueno, precandidato, y es el m\u00e1s naranja y fosfo de todos, porque es el que m\u00e1s antig\u00fcedad y m\u00e1s representa a esta plataforma MC. Conoc\u00ed a mi compadre en 2015 cuando me invit\u00f3 a MC, tenemos m\u00e1s de 8 a\u00f1os jalando&#8221;, dijo en un video en sus redes sociales al referirse a M\u00e1ynez quien fue coordinador de la breve campa\u00f1a de Samuel Garc\u00eda.<br>En el video acompa\u00f1an a Samuel Garc\u00eda su esposa Mariana Rodr\u00edguez y el propio M\u00e1ynez.<br>&#8220;\u00bfQu\u00e9 dijeron? Que ya no iba a haber candidato, Ilusos Les tengo unas excelentes noticias para Nuevo Le\u00f3n, M\u00e9xico y los j\u00f3venes que somos mayor\u00eda en este pa\u00eds.<br>&#8220;Los ilusos de la vieja pol\u00edtica creyeron que nos hab\u00edamos quedado sin candidato, que peg\u00e1ndole a Samuel millones de j\u00f3venes se quedar\u00edan sin esa opci\u00f3n fresca y de futuro. Pues se equivocan, porque Samuel era el precandidato, pero somos millones en este equipo&#8221;, agreg\u00f3.<br>&#8220;As\u00ed que hoy quiero decirles que entrego la estafeta a mi compadre, que era coordinador de campa\u00f1a, Jorge \u00c1lvarez M\u00e1ynez. Quiero decirles que tenemos precandidato, muy bueno, y es el m\u00e1s naranja y fosfo de todos, porque es el que m\u00e1s antig\u00fcedad y m\u00e1s representa a esta gran plataforma, Movimiento Ciudadano&#8221;, a\u00f1adi\u00f3<br>Agreg\u00f3 que admira el nivel que tiene y le ofreci\u00f3 todo su apoyo y el de su esposa, adem\u00e1s de adelantar que ser\u00e1 el pr\u00f3ximo presidente de M\u00e9xico.<\/p>\n","protected":false},"excerpt":{"rendered":"<p>Jorge \u00c1lvarez M\u00e1ynez, coordinador de los diputados federales de Movimiento Ciudadano ser\u00e1 el candidato presidencial de ese partido, anunci\u00f3 el gobernador de Nuevo Le\u00f3n, Samuel Garc\u00eda.&#8220;Tenemos candidato muy bueno, precandidato, y es el m\u00e1s naranja y fosfo de todos, porque es el que m\u00e1s antig\u00fcedad y m\u00e1s representa a esta plataforma MC. Conoc\u00ed a mi [&hellip;]<\/p>\n","protected":false},"author":1,"featured_media":112228,"comment_status":"open","ping_status":"open","sticky":true,"template":"","format":"standard","meta":{"footnotes":""},"categories":[2,3],"tags":[],"_links":{"self":[{"href":"https:\/\/diariodigitalmx.com\/index.php\/wp-json\/wp\/v2\/posts\/112226"}],"collection":[{"href":"https:\/\/diariodigitalmx.com\/index.php\/wp-json\/wp\/v2\/posts"}],"about":[{"href":"https:\/\/diariodigitalmx.com\/index.php\/wp-json\/wp\/v2\/types\/post"}],"author":[{"embeddable":true,"href":"https:\/\/diariodigitalmx.com\/index.php\/wp-json\/wp\/v2\/users\/1"}],"replies":[{"embeddable":true,"href":"https:\/\/diariodigitalmx.com\/index.php\/wp-json\/wp\/v2\/comments?post=112226"}],"version-history":[{"count":1,"href":"https:\/\/diariodigitalmx.com\/index.php\/wp-json\/wp\/v2\/posts\/112226\/revisions"}],"predecessor-version":[{"id":112227,"href":"https:\/\/diariodigitalmx.com\/index.php\/wp-json\/wp\/v2\/posts\/112226\/revisions\/112227"}],"wp:featuredmedia":[{"embeddable":true,"href":"https:\/\/diariodigitalmx.com\/index.php\/wp-json\/wp\/v2\/media\/112228"}],"wp:attachment":[{"href":"https:\/\/diariodigitalmx.com\/index.php\/wp-json\/wp\/v2\/media?parent=112226"}],"wp:term":[{"taxonomy":"category","embeddable":true,"href":"https:\/\/diariodigitalmx.com\/index.php\/wp-json\/wp\/v2\/categories?post=112226"},{"taxonomy":"post_tag","embeddable":true,"href":"https:\/\/diariodigitalmx.com\/index.php\/wp-json\/wp\/v2\/tags?post=112226"}],"curies":[{"name":"wp","href":"https:\/\/api.w.org\/{rel}","templated":true}]}}