{"id":112287,"date":"2024-01-11T00:53:21","date_gmt":"2024-01-11T06:53:21","guid":{"rendered":"http:\/\/diariodigitalmx.com\/?p=112287"},"modified":"2024-01-11T00:54:21","modified_gmt":"2024-01-11T06:54:21","slug":"denilson-lira-se-une-al-santiago-fc","status":"publish","type":"post","link":"https:\/\/diariodigitalmx.com\/index.php\/2024\/01\/11\/denilson-lira-se-une-al-santiago-fc\/","title":{"rendered":"Denilson Lira se une al Santiago FC"},"content":{"rendered":"\n<p><br>Por Gerardo Su\u00e1rez \/ Prensa Santiago FC<br>El Santiago FC, en su objetivo de mantenerse como la defensa menos goleada de la Liga Premier Serie B, cerr\u00f3 la contrataci\u00f3n del lateral Denilson Silva.<\/p>\n\n\n\n<figure class=\"wp-block-image size-large\"><img loading=\"lazy\" decoding=\"async\" width=\"1024\" height=\"1024\" src=\"http:\/\/diariodigitalmx.com\/wp-content\/uploads\/2024\/01\/IMG_20240111_005215_120-1024x1024.webp\" alt=\"\" class=\"wp-image-112290\" srcset=\"https:\/\/diariodigitalmx.com\/wp-content\/uploads\/2024\/01\/IMG_20240111_005215_120-1024x1024.webp 1024w, https:\/\/diariodigitalmx.com\/wp-content\/uploads\/2024\/01\/IMG_20240111_005215_120-300x300.webp 300w, https:\/\/diariodigitalmx.com\/wp-content\/uploads\/2024\/01\/IMG_20240111_005215_120-150x150.webp 150w, https:\/\/diariodigitalmx.com\/wp-content\/uploads\/2024\/01\/IMG_20240111_005215_120-768x768.webp 768w, https:\/\/diariodigitalmx.com\/wp-content\/uploads\/2024\/01\/IMG_20240111_005215_120.webp 1080w\" sizes=\"(max-width: 1024px) 100vw, 1024px\" \/><\/figure>\n\n\n\n<p>Silva Mu\u00f1oz, de 19 a\u00f1os, es oriundo del municipio de Guadalupe, Nuevo Le\u00f3n y se desempe\u00f1a como zaguero lateral por izquierda y llega a La Chaguiza tras un paso por las divisiones inferiores de clubes de la Liga MX.<br>Denilson arranc\u00f3 su carrera en Tigres Fuerzas B\u00e1sicas desde la categor\u00eda Sub-15 a la Sub-17, proceso que llev\u00f3 del 2019 al 2021.<br>Posteriormente milit\u00f3 en la Liga TDP con CF Cadereyta y San Pedro 7-10 FC para \u2018brincar\u2019 al Atlas de Guadalajara, en donde milit\u00f3 en el equipo Sub-18. Su \u00faltimo club fue Mazatl\u00e1n FC en la categor\u00eda Sub-23.<\/p>\n","protected":false},"excerpt":{"rendered":"<p>Por Gerardo Su\u00e1rez \/ Prensa Santiago FCEl Santiago FC, en su objetivo de mantenerse como la defensa menos goleada de la Liga Premier Serie B, cerr\u00f3 la contrataci\u00f3n del lateral Denilson Silva. Silva Mu\u00f1oz, de 19 a\u00f1os, es oriundo del municipio de Guadalupe, Nuevo Le\u00f3n y se desempe\u00f1a como zaguero lateral por izquierda y llega [&hellip;]<\/p>\n","protected":false},"author":1,"featured_media":112289,"comment_status":"open","ping_status":"open","sticky":true,"template":"","format":"standard","meta":{"footnotes":""},"categories":[8,14],"tags":[],"_links":{"self":[{"href":"https:\/\/diariodigitalmx.com\/index.php\/wp-json\/wp\/v2\/posts\/112287"}],"collection":[{"href":"https:\/\/diariodigitalmx.com\/index.php\/wp-json\/wp\/v2\/posts"}],"about":[{"href":"https:\/\/diariodigitalmx.com\/index.php\/wp-json\/wp\/v2\/types\/post"}],"author":[{"embeddable":true,"href":"https:\/\/diariodigitalmx.com\/index.php\/wp-json\/wp\/v2\/users\/1"}],"replies":[{"embeddable":true,"href":"https:\/\/diariodigitalmx.com\/index.php\/wp-json\/wp\/v2\/comments?post=112287"}],"version-history":[{"count":2,"href":"https:\/\/diariodigitalmx.com\/index.php\/wp-json\/wp\/v2\/posts\/112287\/revisions"}],"predecessor-version":[{"id":112291,"href":"https:\/\/diariodigitalmx.com\/index.php\/wp-json\/wp\/v2\/posts\/112287\/revisions\/112291"}],"wp:featuredmedia":[{"embeddable":true,"href":"https:\/\/diariodigitalmx.com\/index.php\/wp-json\/wp\/v2\/media\/112289"}],"wp:attachment":[{"href":"https:\/\/diariodigitalmx.com\/index.php\/wp-json\/wp\/v2\/media?parent=112287"}],"wp:term":[{"taxonomy":"category","embeddable":true,"href":"https:\/\/diariodigitalmx.com\/index.php\/wp-json\/wp\/v2\/categories?post=112287"},{"taxonomy":"post_tag","embeddable":true,"href":"https:\/\/diariodigitalmx.com\/index.php\/wp-json\/wp\/v2\/tags?post=112287"}],"curies":[{"name":"wp","href":"https:\/\/api.w.org\/{rel}","templated":true}]}}