{"id":112295,"date":"2024-01-11T08:23:14","date_gmt":"2024-01-11T14:23:14","guid":{"rendered":"http:\/\/diariodigitalmx.com\/?p=112295"},"modified":"2024-01-11T08:23:50","modified_gmt":"2024-01-11T14:23:50","slug":"movimiento-ciudadano-y-samuel-garcia","status":"publish","type":"post","link":"https:\/\/diariodigitalmx.com\/index.php\/2024\/01\/11\/movimiento-ciudadano-y-samuel-garcia\/","title":{"rendered":"Movimiento Ciudadano y Samuel Garc\u00eda"},"content":{"rendered":"\n<p><br>Ra\u00fal Guajardo Cant\u00fa<br>De alguna u otra forma nos parece que Samuel Garc\u00eda, el gobernador de Nuevo Le\u00f3n, est\u00e1 intentando generar las condiciones para liderar el partido a partir de las elecciones presidenciales, el destape que hiciera de quien seguramente ser\u00e1 su candidato presidencial, Jorge \u00c1lvarez Maynez, as\u00ed lo evidencia.<br>Despu\u00e9s de su breve y fallida precampa\u00f1a, en la cual lleg\u00f3 a decir que ya hab\u00eda convertido a MC en la segunda fuerza pol\u00edtica del pa\u00eds, Samuel asume que cuenta con un capital pol\u00edtico propio que puede compartir con su partido, pero al mismo tiempo acrecentar el suyo.<br>Precisamente por ello pudiera ser que enviar a Mariana Rodr\u00edguez a competir por la presidencia de Monterrey, si es que llega a ser la candidata, es una forma de medir las posibilidades de ella para ser la pr\u00f3xima candidata a la gubernatura del estado en 2027 y con ello permitirse continuar en el candelero pol\u00edtico hasta el 2030, a\u00f1o en que nuevamente Samuel intentar\u00eda ser el candidato del partido naranja.<br>La realidad es que la pol\u00edtica es de momentos, de circunstancias y hoy las circunstancias no se prestaron para que Samuel llegara a ser el candidato de MC a la presidencia, sin embargo, parece que el haber saboreado la posibilidad le gust\u00f3 al gobernador y ahora est\u00e1 preparando el camino para la siguiente.<br>Es cierto que son muchos a\u00f1os de aqu\u00ed al 2030, que muchas cosas pueden pasar, entre ellas que MC pierda su registro con un candidato que por ahora no parece que vaya a levantar mucho en las preferencias electorales del pa\u00eds.<br>Peor a\u00fan si la molestia que mostr\u00f3 Enrique Alfaro, gobernador de Jalisco, ante la forma en que fue lanzada la candidatura de \u00c1lvarez Maynez se traduce en un rompimiento, de hecho ya se habla de que Alfaro apoyar\u00e1 al candidato de MC en lo local, pero que no har\u00e1 lo mismo con el presidencial y se decantar\u00e1 por apoyar a X\u00f3chitl G\u00e1lvez.<br>Insistimos, falta mucho camino por recorrer, sin embargo, es muy probable que Samuel insista en sus intenciones de aparecer en la boleta presidencial de 2030 y para ello ir\u00e1 creando la estructura que considera necesaria.<br>Har\u00eda bien en enfocar sus bater\u00edas en la resoluci\u00f3n de los problemas que aquejan a Nuevo Le\u00f3n, esa podr\u00eda ser su mejor carta de presentaci\u00f3n.<\/p>\n","protected":false},"excerpt":{"rendered":"<p>Ra\u00fal Guajardo Cant\u00faDe alguna u otra forma nos parece que Samuel Garc\u00eda, el gobernador de Nuevo Le\u00f3n, est\u00e1 intentando generar las condiciones para liderar el partido a partir de las elecciones presidenciales, el destape que hiciera de quien seguramente ser\u00e1 su candidato presidencial, Jorge \u00c1lvarez Maynez, as\u00ed lo evidencia.Despu\u00e9s de su breve y fallida precampa\u00f1a, [&hellip;]<\/p>\n","protected":false},"author":1,"featured_media":112297,"comment_status":"open","ping_status":"open","sticky":true,"template":"","format":"standard","meta":{"footnotes":""},"categories":[14,12],"tags":[],"_links":{"self":[{"href":"https:\/\/diariodigitalmx.com\/index.php\/wp-json\/wp\/v2\/posts\/112295"}],"collection":[{"href":"https:\/\/diariodigitalmx.com\/index.php\/wp-json\/wp\/v2\/posts"}],"about":[{"href":"https:\/\/diariodigitalmx.com\/index.php\/wp-json\/wp\/v2\/types\/post"}],"author":[{"embeddable":true,"href":"https:\/\/diariodigitalmx.com\/index.php\/wp-json\/wp\/v2\/users\/1"}],"replies":[{"embeddable":true,"href":"https:\/\/diariodigitalmx.com\/index.php\/wp-json\/wp\/v2\/comments?post=112295"}],"version-history":[{"count":1,"href":"https:\/\/diariodigitalmx.com\/index.php\/wp-json\/wp\/v2\/posts\/112295\/revisions"}],"predecessor-version":[{"id":112296,"href":"https:\/\/diariodigitalmx.com\/index.php\/wp-json\/wp\/v2\/posts\/112295\/revisions\/112296"}],"wp:featuredmedia":[{"embeddable":true,"href":"https:\/\/diariodigitalmx.com\/index.php\/wp-json\/wp\/v2\/media\/112297"}],"wp:attachment":[{"href":"https:\/\/diariodigitalmx.com\/index.php\/wp-json\/wp\/v2\/media?parent=112295"}],"wp:term":[{"taxonomy":"category","embeddable":true,"href":"https:\/\/diariodigitalmx.com\/index.php\/wp-json\/wp\/v2\/categories?post=112295"},{"taxonomy":"post_tag","embeddable":true,"href":"https:\/\/diariodigitalmx.com\/index.php\/wp-json\/wp\/v2\/tags?post=112295"}],"curies":[{"name":"wp","href":"https:\/\/api.w.org\/{rel}","templated":true}]}}