{"id":112338,"date":"2024-01-12T12:14:01","date_gmt":"2024-01-12T18:14:01","guid":{"rendered":"http:\/\/diariodigitalmx.com\/?p=112338"},"modified":"2024-01-12T12:15:41","modified_gmt":"2024-01-12T18:15:41","slug":"monterrey-contaminado-se-agrava-calidad-del-aire-regiomontano-desaparece-cerro-de-la-silla","status":"publish","type":"post","link":"https:\/\/diariodigitalmx.com\/index.php\/2024\/01\/12\/monterrey-contaminado-se-agrava-calidad-del-aire-regiomontano-desaparece-cerro-de-la-silla\/","title":{"rendered":"Monterrey contaminado, se agrava calidad del aire regiomontano; desaparece Cerro de La Silla"},"content":{"rendered":"\n<figure class=\"wp-block-image size-full\"><img loading=\"lazy\" decoding=\"async\" width=\"720\" height=\"720\" src=\"http:\/\/diariodigitalmx.com\/wp-content\/uploads\/2024\/01\/IMG_20240112_121238_606.webp\" alt=\"\" class=\"wp-image-112341\" srcset=\"https:\/\/diariodigitalmx.com\/wp-content\/uploads\/2024\/01\/IMG_20240112_121238_606.webp 720w, https:\/\/diariodigitalmx.com\/wp-content\/uploads\/2024\/01\/IMG_20240112_121238_606-300x300.webp 300w, https:\/\/diariodigitalmx.com\/wp-content\/uploads\/2024\/01\/IMG_20240112_121238_606-150x150.webp 150w\" sizes=\"(max-width: 720px) 100vw, 720px\" \/><\/figure>\n\n\n\n<p>Monterrey. &#8211; La contaminaci\u00f3n ambiental en la zona metropolitana regiomontana escal\u00f3 nivel extremadamente malo en la calidad del aire, al grado que las emisiones pr\u00e1cticamente desaparecieron el Cerro de La Silla.<\/p>\n\n\n\n<p>Al filo de las 11:09 horas de este viernes 13 de las 15 estaciones de monitoreo registraron calidad del aire extremadamente mala en la zona conurbada de 10 municipios.<\/p>\n\n\n\n<p>Las estaciones de municipios como Pesquer\u00eda, Apodaca, San Nicol\u00e1s, Ju\u00e1rez y Monterrey Centro superaron los 500 microgramos por metro c\u00fabico en PM2.5 lo que agrav\u00f3 la calidad del aire.<\/p>\n\n\n\n<p>Como nunca hab\u00eda sucedido en a\u00f1os, el Cerro de La Silla fue cubierto por una capa contaminante, una especie de cortina de polvo y otras emisiones que hac\u00edan imposible admitir el s\u00edmbolo regiomontano.<\/p>\n\n\n\n<p>Los niveles de 400 microgramos por metro c\u00fabico en PM2.5 fueron registrados en el sur de Monterrey y el municipio de Guadalupe.<\/p>\n\n\n\n<p>Por lo que respecta al resto de las estaciones que reportaron extremadamente mala calidad del aire son las de Cadereyta, San Pedro, Garc\u00eda, Monterrey y Escobedo.<\/p>\n\n\n\n<p>La calidad del aire empeor\u00f3 al transcurrir la ma\u00f1ana de este viernes, mientras rachas de viento se presentaron y da\u00f1aron algunos panor\u00e1micos.<\/p>\n\n\n\n<figure class=\"wp-block-image size-full\"><img loading=\"lazy\" decoding=\"async\" width=\"720\" height=\"720\" src=\"http:\/\/diariodigitalmx.com\/wp-content\/uploads\/2024\/01\/IMG_20240112_121238_788.webp\" alt=\"\" class=\"wp-image-112343\" srcset=\"https:\/\/diariodigitalmx.com\/wp-content\/uploads\/2024\/01\/IMG_20240112_121238_788.webp 720w, https:\/\/diariodigitalmx.com\/wp-content\/uploads\/2024\/01\/IMG_20240112_121238_788-300x300.webp 300w, https:\/\/diariodigitalmx.com\/wp-content\/uploads\/2024\/01\/IMG_20240112_121238_788-150x150.webp 150w\" sizes=\"(max-width: 720px) 100vw, 720px\" \/><\/figure>\n\n\n\n<p>Selene Mart\u00ednez, directora del Observatorio Ciudadano de la Calidad del Aire, dijo que la contaminaci\u00f3n se agrav\u00f3 debido a las r\u00e1fagas de viento que se registraron durante la madrugada.<\/p>\n\n\n\n<p>Incluso, propuso que por las condiciones del aire, el Estado deber\u00eda emitir una Alerta Ambiental.<\/p>\n\n\n\n<p>El jueves, el Gobierno estatal present\u00f3 un plan que pretende reducir las emisiones contaminantes hasta en 77 por ciento durante los pr\u00f3ximos 10 a\u00f1os.<\/p>\n","protected":false},"excerpt":{"rendered":"<p>Monterrey. &#8211; La contaminaci\u00f3n ambiental en la zona metropolitana regiomontana escal\u00f3 nivel extremadamente malo en la calidad del aire, al grado que las emisiones pr\u00e1cticamente desaparecieron el Cerro de La Silla. Al filo de las 11:09 horas de este viernes 13 de las 15 estaciones de monitoreo registraron calidad del aire extremadamente mala en la [&hellip;]<\/p>\n","protected":false},"author":1,"featured_media":112340,"comment_status":"open","ping_status":"open","sticky":true,"template":"","format":"standard","meta":{"footnotes":""},"categories":[6,3],"tags":[],"_links":{"self":[{"href":"https:\/\/diariodigitalmx.com\/index.php\/wp-json\/wp\/v2\/posts\/112338"}],"collection":[{"href":"https:\/\/diariodigitalmx.com\/index.php\/wp-json\/wp\/v2\/posts"}],"about":[{"href":"https:\/\/diariodigitalmx.com\/index.php\/wp-json\/wp\/v2\/types\/post"}],"author":[{"embeddable":true,"href":"https:\/\/diariodigitalmx.com\/index.php\/wp-json\/wp\/v2\/users\/1"}],"replies":[{"embeddable":true,"href":"https:\/\/diariodigitalmx.com\/index.php\/wp-json\/wp\/v2\/comments?post=112338"}],"version-history":[{"count":3,"href":"https:\/\/diariodigitalmx.com\/index.php\/wp-json\/wp\/v2\/posts\/112338\/revisions"}],"predecessor-version":[{"id":112344,"href":"https:\/\/diariodigitalmx.com\/index.php\/wp-json\/wp\/v2\/posts\/112338\/revisions\/112344"}],"wp:featuredmedia":[{"embeddable":true,"href":"https:\/\/diariodigitalmx.com\/index.php\/wp-json\/wp\/v2\/media\/112340"}],"wp:attachment":[{"href":"https:\/\/diariodigitalmx.com\/index.php\/wp-json\/wp\/v2\/media?parent=112338"}],"wp:term":[{"taxonomy":"category","embeddable":true,"href":"https:\/\/diariodigitalmx.com\/index.php\/wp-json\/wp\/v2\/categories?post=112338"},{"taxonomy":"post_tag","embeddable":true,"href":"https:\/\/diariodigitalmx.com\/index.php\/wp-json\/wp\/v2\/tags?post=112338"}],"curies":[{"name":"wp","href":"https:\/\/api.w.org\/{rel}","templated":true}]}}