{"id":112425,"date":"2024-01-14T20:44:51","date_gmt":"2024-01-15T02:44:51","guid":{"rendered":"http:\/\/diariodigitalmx.com\/?p=112425"},"modified":"2024-01-14T20:45:29","modified_gmt":"2024-01-15T02:45:29","slug":"gobierno-de-daniel-ortega-echa-de-nicaragua-a-obispos-y-sacerdotes","status":"publish","type":"post","link":"https:\/\/diariodigitalmx.com\/index.php\/2024\/01\/14\/gobierno-de-daniel-ortega-echa-de-nicaragua-a-obispos-y-sacerdotes\/","title":{"rendered":"Gobierno de Daniel Ortega echa de Nicaragua a obispos y sacerdotes"},"content":{"rendered":"\n<p>En medio de una crisis que enfrenta con la iglesia cat\u00f3lica, el Gobierno de Daniel Ortega envi\u00f3 al Vaticano a un grupo de cl\u00e9rigos que estaban detenidos en c\u00e1rceles de Nicaragua.<\/p>\n\n\n\n<p>Fueron liberados los obispos Rolando \u00c1lvarez e Isidoro Mora, 15 sacerdotes y dos seminaristas que estaban detenidos en c\u00e1rceles del pa\u00eds, luego de que el Gobierno los acus\u00f3 de actuar en contra de la administraci\u00f3n, mientras la iglesia asegura que es<br>v\u00edctima de una creciente campa\u00f1a de persecuci\u00f3n mediante arrestos, confiscaciones de bienes y otras medidas legales.<\/p>\n\n\n\n<p>El obispo \u00c1lvarez, de gran influencia en Nicaragua estaba detenido desde 2022 y fue condenado el a\u00f1o pasado a 26 a\u00f1os de prisi\u00f3n, en un juicio considerado pol\u00edtico por organizaciones de derechos humanos debido a sus fuertes cr\u00edticas contra Ortega.<\/p>\n\n\n\n<p>A su vez el obispo Mora, fue detenido a finales de diciembre por decir en una misa que estaba orando por \u00c1lvarez, al igual que otros religiosos que fueron arrestados entre Navidad y A\u00f1o Nuevo.<\/p>\n\n\n\n<p>En el medio oficialista El 19, el Gobierno de Nicaragua agradeci\u00f3 a las autoridades vaticanas por recibir al grupo de religiosos.<\/p>\n\n\n\n<p>En octubre pasado un grupo 12 sacerdotes cat\u00f3licos fue excarcelado y enviado a Roma, mientras el obispo \u00c1lvarez se hab\u00eda negado en febrero pasado a ser liberado junto con 200 presos pol\u00edticos que fueron expulsados a Estados Unidos.<\/p>\n","protected":false},"excerpt":{"rendered":"<p>En medio de una crisis que enfrenta con la iglesia cat\u00f3lica, el Gobierno de Daniel Ortega envi\u00f3 al Vaticano a un grupo de cl\u00e9rigos que estaban detenidos en c\u00e1rceles de Nicaragua. Fueron liberados los obispos Rolando \u00c1lvarez e Isidoro Mora, 15 sacerdotes y dos seminaristas que estaban detenidos en c\u00e1rceles del pa\u00eds, luego de que [&hellip;]<\/p>\n","protected":false},"author":1,"featured_media":112427,"comment_status":"open","ping_status":"open","sticky":true,"template":"","format":"standard","meta":{"footnotes":""},"categories":[4,3],"tags":[],"_links":{"self":[{"href":"https:\/\/diariodigitalmx.com\/index.php\/wp-json\/wp\/v2\/posts\/112425"}],"collection":[{"href":"https:\/\/diariodigitalmx.com\/index.php\/wp-json\/wp\/v2\/posts"}],"about":[{"href":"https:\/\/diariodigitalmx.com\/index.php\/wp-json\/wp\/v2\/types\/post"}],"author":[{"embeddable":true,"href":"https:\/\/diariodigitalmx.com\/index.php\/wp-json\/wp\/v2\/users\/1"}],"replies":[{"embeddable":true,"href":"https:\/\/diariodigitalmx.com\/index.php\/wp-json\/wp\/v2\/comments?post=112425"}],"version-history":[{"count":1,"href":"https:\/\/diariodigitalmx.com\/index.php\/wp-json\/wp\/v2\/posts\/112425\/revisions"}],"predecessor-version":[{"id":112426,"href":"https:\/\/diariodigitalmx.com\/index.php\/wp-json\/wp\/v2\/posts\/112425\/revisions\/112426"}],"wp:featuredmedia":[{"embeddable":true,"href":"https:\/\/diariodigitalmx.com\/index.php\/wp-json\/wp\/v2\/media\/112427"}],"wp:attachment":[{"href":"https:\/\/diariodigitalmx.com\/index.php\/wp-json\/wp\/v2\/media?parent=112425"}],"wp:term":[{"taxonomy":"category","embeddable":true,"href":"https:\/\/diariodigitalmx.com\/index.php\/wp-json\/wp\/v2\/categories?post=112425"},{"taxonomy":"post_tag","embeddable":true,"href":"https:\/\/diariodigitalmx.com\/index.php\/wp-json\/wp\/v2\/tags?post=112425"}],"curies":[{"name":"wp","href":"https:\/\/api.w.org\/{rel}","templated":true}]}}