{"id":112450,"date":"2024-01-14T23:39:40","date_gmt":"2024-01-15T05:39:40","guid":{"rendered":"http:\/\/diariodigitalmx.com\/?p=112450"},"modified":"2024-01-14T23:40:32","modified_gmt":"2024-01-15T05:40:32","slug":"exige-waldo-fernandez-a-gobierno-de-samuel-garcia-combatir-la-mala-calidad-del-aire","status":"publish","type":"post","link":"https:\/\/diariodigitalmx.com\/index.php\/2024\/01\/14\/exige-waldo-fernandez-a-gobierno-de-samuel-garcia-combatir-la-mala-calidad-del-aire\/","title":{"rendered":"Exige waldo Fern\u00e1ndez a gobierno de Samuel Garc\u00eda, combatir la mala calidad del aire"},"content":{"rendered":"\n<p><br>Desde el municipio de Garcia Nuevo Le\u00f3n y frenta a un Cerro de las Mitras visiblemente contaminado, el diputado local por Morena, Waldo Fern\u00e1ndez, exigi\u00f3 al Gobierno Estatal presentar un plan ambiental serio para combatir la contaminaci\u00f3n del aire en el Estado.<br>El legislador se refiri\u00f3 a los dos d\u00edas que en la semana que reci\u00e9n termin\u00f3, presentaron altos \u00edndices contaminantes y a s\u00f3lo un d\u00eda de haber presentado, nuevamente, el Plan Integral de Gesti\u00f3n Estrat\u00e9gica de la Calidad del Aire (PIGECA).<br>\u201cLleg\u00f3 el momento de que el gobierno del estado de Nuevo Le\u00f3n haga un plan real, que tenga que ver con las causas de esta crisis. Que tomen las mejores experiencias del mundo, y por qu\u00e9 no decirlo, de la Ciudad de M\u00e9xico, donde resolvieron el problema siendo serios y responsables, sin medidas populistas, castigando al que contaminaba y estimulaban al que no lo hac\u00eda. Lleg\u00f3 el momento de hacerlo en Nuevo Le\u00f3n. Ya no m\u00e1s con impuestos recaudatorios son licencias para contaminar. Es urgente y vital que resolvamos esta crisis porque en Nuevo Le\u00f3n ya no sabemos lo que respiramos\u201d exigi\u00f3.<br>Ante las extremadamente malas condiciones del aire, la Secretar\u00eda de Medio Ambiente de Nuevo Le\u00f3n public\u00f3 el viernes 12 de enero la primera alerta ambiental del a\u00f1o en la Zona Metropolitana de Monterrey (ZMM).<br>Como medida preventiva, las autoridades han pedido evitar actividades al aire libre, sobre todo a grupos sensibles como ni\u00f1os y ni\u00f1as menores de 12 a\u00f1os, adultos mayores de 65 a\u00f1os, mujeres embarazadas y personas con padecimientos bronco-respiratorios y cardiovasculares deben mantenerse en interiores.<\/p>\n","protected":false},"excerpt":{"rendered":"<p>Desde el municipio de Garcia Nuevo Le\u00f3n y frenta a un Cerro de las Mitras visiblemente contaminado, el diputado local por Morena, Waldo Fern\u00e1ndez, exigi\u00f3 al Gobierno Estatal presentar un plan ambiental serio para combatir la contaminaci\u00f3n del aire en el Estado.El legislador se refiri\u00f3 a los dos d\u00edas que en la semana que reci\u00e9n [&hellip;]<\/p>\n","protected":false},"author":1,"featured_media":112452,"comment_status":"open","ping_status":"open","sticky":true,"template":"","format":"standard","meta":{"footnotes":""},"categories":[14,6],"tags":[],"_links":{"self":[{"href":"https:\/\/diariodigitalmx.com\/index.php\/wp-json\/wp\/v2\/posts\/112450"}],"collection":[{"href":"https:\/\/diariodigitalmx.com\/index.php\/wp-json\/wp\/v2\/posts"}],"about":[{"href":"https:\/\/diariodigitalmx.com\/index.php\/wp-json\/wp\/v2\/types\/post"}],"author":[{"embeddable":true,"href":"https:\/\/diariodigitalmx.com\/index.php\/wp-json\/wp\/v2\/users\/1"}],"replies":[{"embeddable":true,"href":"https:\/\/diariodigitalmx.com\/index.php\/wp-json\/wp\/v2\/comments?post=112450"}],"version-history":[{"count":1,"href":"https:\/\/diariodigitalmx.com\/index.php\/wp-json\/wp\/v2\/posts\/112450\/revisions"}],"predecessor-version":[{"id":112451,"href":"https:\/\/diariodigitalmx.com\/index.php\/wp-json\/wp\/v2\/posts\/112450\/revisions\/112451"}],"wp:featuredmedia":[{"embeddable":true,"href":"https:\/\/diariodigitalmx.com\/index.php\/wp-json\/wp\/v2\/media\/112452"}],"wp:attachment":[{"href":"https:\/\/diariodigitalmx.com\/index.php\/wp-json\/wp\/v2\/media?parent=112450"}],"wp:term":[{"taxonomy":"category","embeddable":true,"href":"https:\/\/diariodigitalmx.com\/index.php\/wp-json\/wp\/v2\/categories?post=112450"},{"taxonomy":"post_tag","embeddable":true,"href":"https:\/\/diariodigitalmx.com\/index.php\/wp-json\/wp\/v2\/tags?post=112450"}],"curies":[{"name":"wp","href":"https:\/\/api.w.org\/{rel}","templated":true}]}}