{"id":112472,"date":"2024-01-15T06:33:56","date_gmt":"2024-01-15T12:33:56","guid":{"rendered":"http:\/\/diariodigitalmx.com\/?p=112472"},"modified":"2024-01-15T06:34:40","modified_gmt":"2024-01-15T12:34:40","slug":"el-ezln-desplazado-por-los-carteles","status":"publish","type":"post","link":"https:\/\/diariodigitalmx.com\/index.php\/2024\/01\/15\/el-ezln-desplazado-por-los-carteles\/","title":{"rendered":"El EZLN desplazado por los c\u00e1rteles"},"content":{"rendered":"\n<p>De frente y de perfil<\/p>\n\n\n\n<p>Ram\u00f3n Zurita Sahag\u00fan <br>Relataba un pol\u00edtico de anta\u00f1o, de los de largo recorrido por el pa\u00eds y por los cargos p\u00fablicos de elecci\u00f3n popular, la forma en que se extingui\u00f3 o dej\u00f3 de ser noticia, el EZLN.<br>Treinta a\u00f1os despu\u00e9s de su surgimiento como grupo revolucionario y despu\u00e9s de fallidos intentos por parte del gobierno federal para negociar con ellos o, en su caso, exterminarlos, los zapatistas dejaron de ser visibles y la parte de Chiapas que se encontraba bajo su control, ahora pertenece a los c\u00e1rteles de la delincuencia organizada, principalmente al de Sinaloa.<br>Cada vez es m\u00e1s notoria su presencia, as\u00ed como la abulia y desidia del gobernador Rutilio Cruz Escand\u00f3n por atender los brotes de violencia en las diferentes regiones del estado.<br>Los miembros de los C\u00e1rteles asoman la cabeza y muestran su armamento, sus veh\u00edculos, sus integrantes cada vez m\u00e1s numerosos y desfilan por poblaciones del estado, privilegiando a las de la franja fronteriza.<br>El dominio de los c\u00e1rteles es tan grande que desplazaron a los integrantes del EZLN en las zonas que mantuvieron bajo control por m\u00e1s de 25 a\u00f1os.<br>Ahora son los c\u00e1rteles los que aparecen en esas poblaciones y son recibidos entre v\u00edtores y aplausos de los habitantes de esos lugares.<br>Esa es una forma en que el gobierno federal ha mantenido a raya a los grupos de insurgencia o guerrilla, ya que el armamento y la fuerza bruta de los c\u00e1rteles domina, adem\u00e1s de Chiapas, la monta\u00f1a de Guerrero, amplias zonas de Michoac\u00e1n y su colindancia con el Estado de M\u00e9xico, adem\u00e1s de gran parte del norte de Tamaulipas.<br>Haci\u00e9ndose de la vista gorda ante el embate de los grupos delincuenciales es como el gobierno federal mantiene a los grupos que eventualmente surg\u00edan y se auto llaman guerrilleros.<br>Ahora esos grupos act\u00faan no solamente como catalizadores de la violencia, sino que tambi\u00e9n imponen autoridades, orientan el voto, cuentan con sus propios candidatos, adem\u00e1s de comerciar con drogas, asesinar, extorsionar, secuestrar e imponer su ley, mediante m\u00e9todos violentos.<br>Apenas el domingo, el diario Reforma public\u00f3 un mapa de la rep\u00fablica mexicana en que detect\u00f3 74 de los 300 distritos electorales federales, donde pervive la violencia y los conflictos con vistas a los comicios del dos de junio.<br>Guanajuato, Guerrero, Chiapas, Tamaulipas y el Estado de M\u00e9xico, son las entidades con mayor n\u00famero de distritos en riesgo, pero en otros como Durango, Colima, Sinaloa y Morelos, con un menor n\u00famero de distritos, se establece que, en ellos, cuando menos el 50 por ciento de ellos se encuentran con riesgo de violencia.<br>Hay antecedentes de que en 2018 y 2021 los asesinatos relacionados con candidatos o simples aspirantes a un cargo de elecci\u00f3n popular rebasaron la media centena en cada uno de esos procesos.<br>Ahora el panorama es sumamente nebuloso, ya que los grupos delincuenciales alcanzan a dominar territorios m\u00e1s amplios, en tanto que las autoridades se mantienen absortas en otros temas que consideran, tal vez, de mayor importancia electoral.<\/p>\n\n\n\n<pre class=\"wp-block-code\"><code>                                                       \u2026\u2026\u2026\u2026\u2026\u2026\u2026\u2026.<\/code><\/pre>\n\n\n\n<p>El pr\u00f3ximo 18 de enero terminan las precampa\u00f1as de los candidatos presidenciales, en los que el adalid de MC, Jorge \u00c1lvarez, tuvo tan sola una semana para alcanzar a Claudia Sheinbaum en las encuestas, ya que, para los naranjas, X\u00f3chitl G\u00e1lvez no cuenta -dicen ellos-. Ahora continuar\u00e1n las Intercampa\u00f1as y el primero de marzo, despu\u00e9s de una larga exposici\u00f3n de todos, comenzar\u00e1n las campa\u00f1as formales que desembocar\u00e1 el dos de junio en las urnas\u2026Curioso resulta que los candidatos propuestos por el PRI al Senado de la Rep\u00fablica en 2018 por Yucat\u00e1n ahora repitan, aunque ahora cobijados por MORENA. Ver\u00f3nica Camino y Jorge Carlos Ram\u00edrez fueron propuestos como primero y segundo en la f\u00f3rmula, invirtiendo los lugares de hace seis a\u00f1os. En Sonora ocurrir\u00e1 algo parecido, ya que Lilly T\u00e9llez que fue en primer lugar en la f\u00f3rmula de Morena, repite, pero en el segundo de la alianza opositora, ya que Manlio Fabio Beltrones ocupar\u00e1 el primero.<br>Email: ramonzurita44@hotmail.com<br>Email: ramonzurita44@gmail.com<\/p>\n","protected":false},"excerpt":{"rendered":"<p>De frente y de perfil Ram\u00f3n Zurita Sahag\u00fan Relataba un pol\u00edtico de anta\u00f1o, de los de largo recorrido por el pa\u00eds y por los cargos p\u00fablicos de elecci\u00f3n popular, la forma en que se extingui\u00f3 o dej\u00f3 de ser noticia, el EZLN.Treinta a\u00f1os despu\u00e9s de su surgimiento como grupo revolucionario y despu\u00e9s de fallidos intentos [&hellip;]<\/p>\n","protected":false},"author":1,"featured_media":112474,"comment_status":"open","ping_status":"open","sticky":true,"template":"","format":"standard","meta":{"footnotes":""},"categories":[12,5],"tags":[],"_links":{"self":[{"href":"https:\/\/diariodigitalmx.com\/index.php\/wp-json\/wp\/v2\/posts\/112472"}],"collection":[{"href":"https:\/\/diariodigitalmx.com\/index.php\/wp-json\/wp\/v2\/posts"}],"about":[{"href":"https:\/\/diariodigitalmx.com\/index.php\/wp-json\/wp\/v2\/types\/post"}],"author":[{"embeddable":true,"href":"https:\/\/diariodigitalmx.com\/index.php\/wp-json\/wp\/v2\/users\/1"}],"replies":[{"embeddable":true,"href":"https:\/\/diariodigitalmx.com\/index.php\/wp-json\/wp\/v2\/comments?post=112472"}],"version-history":[{"count":1,"href":"https:\/\/diariodigitalmx.com\/index.php\/wp-json\/wp\/v2\/posts\/112472\/revisions"}],"predecessor-version":[{"id":112473,"href":"https:\/\/diariodigitalmx.com\/index.php\/wp-json\/wp\/v2\/posts\/112472\/revisions\/112473"}],"wp:featuredmedia":[{"embeddable":true,"href":"https:\/\/diariodigitalmx.com\/index.php\/wp-json\/wp\/v2\/media\/112474"}],"wp:attachment":[{"href":"https:\/\/diariodigitalmx.com\/index.php\/wp-json\/wp\/v2\/media?parent=112472"}],"wp:term":[{"taxonomy":"category","embeddable":true,"href":"https:\/\/diariodigitalmx.com\/index.php\/wp-json\/wp\/v2\/categories?post=112472"},{"taxonomy":"post_tag","embeddable":true,"href":"https:\/\/diariodigitalmx.com\/index.php\/wp-json\/wp\/v2\/tags?post=112472"}],"curies":[{"name":"wp","href":"https:\/\/api.w.org\/{rel}","templated":true}]}}