{"id":112514,"date":"2024-01-16T00:07:30","date_gmt":"2024-01-16T06:07:30","guid":{"rendered":"http:\/\/diariodigitalmx.com\/?p=112514"},"modified":"2024-01-16T00:08:18","modified_gmt":"2024-01-16T06:08:18","slug":"cierran-las-precampanas","status":"publish","type":"post","link":"https:\/\/diariodigitalmx.com\/index.php\/2024\/01\/16\/cierran-las-precampanas\/","title":{"rendered":"Cierran las precampa\u00f1as"},"content":{"rendered":"\n<p><br>\u00d3scar Tamez Rodr\u00edguez<br>Terminan las precampa\u00f1as electorales federales, oficialmente cierran el 18 de enero aunque las aspirantes hicieron sus acarreos, perd\u00f3n eventos masivos el fin de semana para mostrar m\u00fasculo.<br>Seg\u00fan X\u00f3chitl est\u00e1 debajo de su contendiente morenista por 12 puntos. Conociendo a los pol\u00edticos, si acepta 12 significa que s\u00ed anda como en 20 puntos por debajo de su adversaria.<br>De tanto buscar la transparencia y equidad en las contiendas electorales, se termin\u00f3 con un galimat\u00edas de ley, o quiz\u00e1 as\u00ed lo dejaron los diputados para beneficiarse del queso Gruyere llamado Ley General de Instituciones y Procesos Electorales (Legipe).<br>Claudia viol\u00f3 la ley durante casi un a\u00f1o con lonas, panor\u00e1micos y otras formas de propaganda hasta antes de septiembre de 2023, pero como la ley dice que se consideran precampa\u00f1as anticipadas las que se realicen a partir de iniciado el a\u00f1o electoral y hasta antes de las convocatorias correspondientes, pues simplemente los millones y millones de pesos invertidos quedaron impunes.<br>El PRIAN termin\u00f3 haciendo lo mismo, s\u00f3lo que viol\u00f3 la ley s\u00f3lo unos cuantos meses, como si eso lo convirtiera en m\u00e1s honesto. Ambas precandidatas impuestas por el dedazo e impulsadas por el inquilino de Palacio Nacional, han tenido mediano desarrollo en esta etapa preelectoral.<br>En el caso de Nuevo Le\u00f3n, las precampa\u00f1as concluyen el 21 de enero de 2024, aunque el \u00e1nimo de precandidatos est\u00e1 m\u00e1s fr\u00edo que el invierno nuevoleon\u00e9s.<br>Las diferencias en los tiempos electorales es otro de los absurdos en la Legipe que se\u00f1ala 90 d\u00edas para campa\u00f1a en las elecciones federales cuando hay contienda presidencial, como es el caso. En este proceso ser\u00edan 60 d\u00edas para las elecciones locales pues no hay elecci\u00f3n a gobernador. Por tal, las precampa\u00f1as deben durar la mitad de lo que duran las campa\u00f1as.<br>Otra barbaridad, las intercampa\u00f1as. Los precandidatos hacen campa\u00f1a normal, con espectaculares, spot, utilitarios y m\u00e1s, pero al terminar las precampa\u00f1as deben quitar todo y entrar en una veda absurda que dura aproximadamente un mes.<br>Las precampa\u00f1as se pensaron como una especie de elecciones primarias para que entre los partidos o coaliciones tuvieran un proceso en el cual descartar a los aspirantes.<br>Las actuales precampa\u00f1as son una burla, precandidatas \u00fanicas con spot en radio, televisi\u00f3n y redes sociales en forma intensa, al final de la publicidad una voz en off que afirma, la propaganda est\u00e1 dirigida a militantes y simpatizantes de tal o cual partido. \u00bfA qui\u00e9n enga\u00f1a la autoridad electoral al aceptar las irregularidades?<br>Si no hay primarias no tiene por qu\u00e9 haber promoci\u00f3n masiva, menos propuestas abiertas a la comunidad. Todo es simulaci\u00f3n en una democracia que atraviesa por el peor riesgo en su aplicaci\u00f3n.<br>Terminaron las precampa\u00f1as federales y en lo local seguimos sin definici\u00f3n en muchos espacios.<br>Hoy tenemos una legislaci\u00f3n inservible, poco operante, permisiva para que moros y cristianos la violen con impunidad, su aplicaci\u00f3n no es garant\u00eda de legalidad, legitimidad y certeza en los pr\u00f3ximos procesos electorales.<br>Para las y el candidato presidencial es tiempo de velar armas, afinar la estrategia para el combate que se avecina.<br>La oposici\u00f3n a prepararse para la confronta con la candidata oficialista, pero tambi\u00e9n contra el poder federal que har\u00e1 todo lo legal, ilegal, posible e imposible para asegurar su triunfo.<br>Para Claudia es tiempo de mantener la ventaja, para X\u00f3chitl analizar c\u00f3mo remontar 20 puntos porcentuales y para Jorge \u00c1lvarez es el espacio en el cual pulir la estrategia con miras a desbancar del segundo sitio a la prianista.<\/p>\n","protected":false},"excerpt":{"rendered":"<p>\u00d3scar Tamez Rodr\u00edguezTerminan las precampa\u00f1as electorales federales, oficialmente cierran el 18 de enero aunque las aspirantes hicieron sus acarreos, perd\u00f3n eventos masivos el fin de semana para mostrar m\u00fasculo.Seg\u00fan X\u00f3chitl est\u00e1 debajo de su contendiente morenista por 12 puntos. Conociendo a los pol\u00edticos, si acepta 12 significa que s\u00ed anda como en 20 puntos por [&hellip;]<\/p>\n","protected":false},"author":1,"featured_media":112516,"comment_status":"open","ping_status":"open","sticky":true,"template":"","format":"standard","meta":{"footnotes":""},"categories":[14,12],"tags":[],"_links":{"self":[{"href":"https:\/\/diariodigitalmx.com\/index.php\/wp-json\/wp\/v2\/posts\/112514"}],"collection":[{"href":"https:\/\/diariodigitalmx.com\/index.php\/wp-json\/wp\/v2\/posts"}],"about":[{"href":"https:\/\/diariodigitalmx.com\/index.php\/wp-json\/wp\/v2\/types\/post"}],"author":[{"embeddable":true,"href":"https:\/\/diariodigitalmx.com\/index.php\/wp-json\/wp\/v2\/users\/1"}],"replies":[{"embeddable":true,"href":"https:\/\/diariodigitalmx.com\/index.php\/wp-json\/wp\/v2\/comments?post=112514"}],"version-history":[{"count":1,"href":"https:\/\/diariodigitalmx.com\/index.php\/wp-json\/wp\/v2\/posts\/112514\/revisions"}],"predecessor-version":[{"id":112515,"href":"https:\/\/diariodigitalmx.com\/index.php\/wp-json\/wp\/v2\/posts\/112514\/revisions\/112515"}],"wp:featuredmedia":[{"embeddable":true,"href":"https:\/\/diariodigitalmx.com\/index.php\/wp-json\/wp\/v2\/media\/112516"}],"wp:attachment":[{"href":"https:\/\/diariodigitalmx.com\/index.php\/wp-json\/wp\/v2\/media?parent=112514"}],"wp:term":[{"taxonomy":"category","embeddable":true,"href":"https:\/\/diariodigitalmx.com\/index.php\/wp-json\/wp\/v2\/categories?post=112514"},{"taxonomy":"post_tag","embeddable":true,"href":"https:\/\/diariodigitalmx.com\/index.php\/wp-json\/wp\/v2\/tags?post=112514"}],"curies":[{"name":"wp","href":"https:\/\/api.w.org\/{rel}","templated":true}]}}