{"id":112548,"date":"2024-01-16T15:32:37","date_gmt":"2024-01-16T21:32:37","guid":{"rendered":"http:\/\/diariodigitalmx.com\/?p=112548"},"modified":"2024-01-16T15:33:20","modified_gmt":"2024-01-16T21:33:20","slug":"escritor-dramaturgo-critico-muere-jose-agustin","status":"publish","type":"post","link":"https:\/\/diariodigitalmx.com\/index.php\/2024\/01\/16\/escritor-dramaturgo-critico-muere-jose-agustin\/","title":{"rendered":"Escritor, dramaturgo, cr\u00edtico, muere Jos\u00e9 Agust\u00edn"},"content":{"rendered":"\n<p><br>Jos\u00e9 Agust\u00edn falleci\u00f3 tras una larga enfermedad, confirm\u00f3 su hijo Jos\u00e9 Agust\u00edn Ram\u00edrez. Ten\u00eda 79 a\u00f1os y resid\u00eda en Cuautla, Morelos.<br>&#8220;Con profunda tristeza comunicamos el fallecimiento de Jos\u00e9 Agust\u00edn: esposo, padre, hermano, abuelo y escritor devoto de la literatura y la m\u00fasica, as\u00ed como de sus lectores de cualquier edad. Quien fue un prol\u00edfico escritor, autor de novelas, cuentos, obras de teatro y guiones de cine. Guerrerense de coraz\u00f3n, autodidacta empedernido, amante de la comida y los placeres; jungiano, estudioso del I Ching, aficionado de la astrolog\u00eda e impulsor de todas las formas de contracultura. Se fue en paz, rodeado de su amorosa familia&#8221;, public\u00f3 la familia en redes sociales.<br>\u201cLa Secretar\u00eda de Cultura del Gobierno lamenta el sensible fallecimiento de Jos\u00e9 Agust\u00edn, narrador, ensayista, guionista de cine, traductor, dramaturgo y periodista mexicano. Fue autor de obras emblem\u00e1ticas de la literatura de la onda, como \u201cLa tumba\u201d, \u201cDe perfil\u201d, \u201cCiudades desiertas\u201d, \u201cCerca del fuego\u201d y \u201cLa panza del Tepozteco\u201d. En 2011 fue reconocido con el Premio Nacional de Ciencias y Artes en Ling\u00fc\u00edstica y Literatura\u201d, lament\u00f3 a su vez la Secretar\u00eda de Cultura.<br>Jos\u00e9 Agust\u00edn Ram\u00edrez G\u00f3mez, naci\u00f3 en Acapulco y pas\u00f3 sus \u00faltimos a\u00f1os en el municipio de Cuautla Morelos, escribi\u00f3 novela, teatro, hizo guiones y cr\u00f3nicas period\u00edsticas. Tambi\u00e9n public\u00f3 ensayo y cr\u00f3nica hist\u00f3rica, destacando los tres vol\u00famenes de Tragicomedia mexicana (1990, 1992, 1998).<br>Una de sus \u00faltimas apariciones en un evento p\u00fablico realizado en Morelos fue en junio del 2022 cuando se le rindi\u00f3 un homenaje, en el and\u00e9n del Ferrocarril Interoce\u00e1nico de Cuautla.<\/p>\n","protected":false},"excerpt":{"rendered":"<p>Jos\u00e9 Agust\u00edn falleci\u00f3 tras una larga enfermedad, confirm\u00f3 su hijo Jos\u00e9 Agust\u00edn Ram\u00edrez. Ten\u00eda 79 a\u00f1os y resid\u00eda en Cuautla, Morelos.&#8220;Con profunda tristeza comunicamos el fallecimiento de Jos\u00e9 Agust\u00edn: esposo, padre, hermano, abuelo y escritor devoto de la literatura y la m\u00fasica, as\u00ed como de sus lectores de cualquier edad. Quien fue un prol\u00edfico escritor, [&hellip;]<\/p>\n","protected":false},"author":1,"featured_media":112550,"comment_status":"open","ping_status":"open","sticky":true,"template":"","format":"standard","meta":{"footnotes":""},"categories":[11,3],"tags":[],"_links":{"self":[{"href":"https:\/\/diariodigitalmx.com\/index.php\/wp-json\/wp\/v2\/posts\/112548"}],"collection":[{"href":"https:\/\/diariodigitalmx.com\/index.php\/wp-json\/wp\/v2\/posts"}],"about":[{"href":"https:\/\/diariodigitalmx.com\/index.php\/wp-json\/wp\/v2\/types\/post"}],"author":[{"embeddable":true,"href":"https:\/\/diariodigitalmx.com\/index.php\/wp-json\/wp\/v2\/users\/1"}],"replies":[{"embeddable":true,"href":"https:\/\/diariodigitalmx.com\/index.php\/wp-json\/wp\/v2\/comments?post=112548"}],"version-history":[{"count":1,"href":"https:\/\/diariodigitalmx.com\/index.php\/wp-json\/wp\/v2\/posts\/112548\/revisions"}],"predecessor-version":[{"id":112549,"href":"https:\/\/diariodigitalmx.com\/index.php\/wp-json\/wp\/v2\/posts\/112548\/revisions\/112549"}],"wp:featuredmedia":[{"embeddable":true,"href":"https:\/\/diariodigitalmx.com\/index.php\/wp-json\/wp\/v2\/media\/112550"}],"wp:attachment":[{"href":"https:\/\/diariodigitalmx.com\/index.php\/wp-json\/wp\/v2\/media?parent=112548"}],"wp:term":[{"taxonomy":"category","embeddable":true,"href":"https:\/\/diariodigitalmx.com\/index.php\/wp-json\/wp\/v2\/categories?post=112548"},{"taxonomy":"post_tag","embeddable":true,"href":"https:\/\/diariodigitalmx.com\/index.php\/wp-json\/wp\/v2\/tags?post=112548"}],"curies":[{"name":"wp","href":"https:\/\/api.w.org\/{rel}","templated":true}]}}