{"id":112565,"date":"2024-01-17T17:04:36","date_gmt":"2024-01-17T23:04:36","guid":{"rendered":"http:\/\/diariodigitalmx.com\/?p=112565"},"modified":"2024-01-17T17:06:36","modified_gmt":"2024-01-17T23:06:36","slug":"inicia-pri-registro-de-aspirantes-a-candidatos-a-senadores-y-diputados-federales","status":"publish","type":"post","link":"https:\/\/diariodigitalmx.com\/index.php\/2024\/01\/17\/inicia-pri-registro-de-aspirantes-a-candidatos-a-senadores-y-diputados-federales\/","title":{"rendered":"Inicia PRI registro de aspirantes a candidatos a Senadores y Diputados Federales"},"content":{"rendered":"\n<figure class=\"wp-block-image size-large\"><img loading=\"lazy\" decoding=\"async\" width=\"1024\" height=\"1024\" src=\"http:\/\/diariodigitalmx.com\/wp-content\/uploads\/2024\/01\/IMG_20240117_170039_274-1024x1024.webp\" alt=\"\" class=\"wp-image-112569\" srcset=\"https:\/\/diariodigitalmx.com\/wp-content\/uploads\/2024\/01\/IMG_20240117_170039_274-1024x1024.webp 1024w, https:\/\/diariodigitalmx.com\/wp-content\/uploads\/2024\/01\/IMG_20240117_170039_274-300x300.webp 300w, https:\/\/diariodigitalmx.com\/wp-content\/uploads\/2024\/01\/IMG_20240117_170039_274-150x150.webp 150w, https:\/\/diariodigitalmx.com\/wp-content\/uploads\/2024\/01\/IMG_20240117_170039_274-768x768.webp 768w, https:\/\/diariodigitalmx.com\/wp-content\/uploads\/2024\/01\/IMG_20240117_170039_274.webp 1080w\" sizes=\"(max-width: 1024px) 100vw, 1024px\" \/><\/figure>\n\n\n\n<p>Monterrey.- El \u00f3rgano auxiliar de la Comisi\u00f3n Nacional de Procesos Internos del PRI en Nuevo Le\u00f3n dio inicio el d\u00eda de hoy al registro de aspirantes a las candidaturas para Senadores y Diputados Federales para contender en el proceso interno del 2024.<\/p>\n\n\n\n<p>Acompa\u00f1ados de simpatizantes y militantes que los apoyan, por la ma\u00f1ana se registr\u00f3 para la senadur\u00eda Karina Marlen Barr\u00f3n Perales.<\/p>\n\n\n\n<p>Para la contender por el Distrito 2 Federal present\u00f3 su documentaci\u00f3n para registrarse Andr\u00e9s Mauricio Cant\u00fa Ram\u00edrez.<\/p>\n\n\n\n<figure class=\"wp-block-image size-large\"><img loading=\"lazy\" decoding=\"async\" width=\"1024\" height=\"1024\" src=\"http:\/\/diariodigitalmx.com\/wp-content\/uploads\/2024\/01\/IMG_20240117_170039_354-1024x1024.webp\" alt=\"\" class=\"wp-image-112571\" srcset=\"https:\/\/diariodigitalmx.com\/wp-content\/uploads\/2024\/01\/IMG_20240117_170039_354-1024x1024.webp 1024w, https:\/\/diariodigitalmx.com\/wp-content\/uploads\/2024\/01\/IMG_20240117_170039_354-300x300.webp 300w, https:\/\/diariodigitalmx.com\/wp-content\/uploads\/2024\/01\/IMG_20240117_170039_354-150x150.webp 150w, https:\/\/diariodigitalmx.com\/wp-content\/uploads\/2024\/01\/IMG_20240117_170039_354-768x767.webp 768w, https:\/\/diariodigitalmx.com\/wp-content\/uploads\/2024\/01\/IMG_20240117_170039_354.webp 1080w\" sizes=\"(max-width: 1024px) 100vw, 1024px\" \/><\/figure>\n\n\n\n<p>Ante la Comisi\u00f3n de Procesos Internos se registr\u00f3 por Distrito 5 Federal, Rafael Eduardo Ramos de la Garza.&nbsp;<\/p>\n\n\n\n<p>Asimismo, por el Distrito 8 se registr\u00f3 Ma. De Jes\u00fas Aguirre Maldonado.<\/p>\n\n\n\n<p>Juan Francisco Espinoza Egu\u00eda acudi\u00f3 al Auditorio L\u00e1zaro C\u00e1rdenas del PRI donde se registr\u00f3 por el Distrito 9.<\/p>\n\n\n\n<p>&nbsp;Para la diputaci\u00f3n del Distrito 10 se registr\u00f3 Ana Isabel Gonz\u00e1lez Gonz\u00e1lez.<\/p>\n\n\n\n<p>Y por el Distrito 12 Everardo Benavides Villarreal.<\/p>\n\n\n\n<p>El presidente del PRI Estatal; Jos\u00e9 Luis Garza Ochoa, se\u00f1al\u00f3 que los candidatos y las candidatas que hoy se registraron son ganadores, priistas comprometidos y cercanos a la gente, por lo que dijo estar convencido de que, en las elecciones de junio pr\u00f3ximo, arrasar\u00e1n en las urnas.<\/p>\n\n\n\n<p>Afirm\u00f3 que en el pr\u00f3ximo per\u00edodo legislativo ni Morena ni Movimiento Ciudadano tendr\u00e1n un solo diputado federal \u201cen estas elecciones vamos a arrasar en Nuevo Le\u00f3n, nuestros candidatos van a borrar a Morena y Movimiento Ciudadano\u201d, agreg\u00f3.<\/p>\n","protected":false},"excerpt":{"rendered":"<p>Monterrey.- El \u00f3rgano auxiliar de la Comisi\u00f3n Nacional de Procesos Internos del PRI en Nuevo Le\u00f3n dio inicio el d\u00eda de hoy al registro de aspirantes a las candidaturas para Senadores y Diputados Federales para contender en el proceso interno del 2024. Acompa\u00f1ados de simpatizantes y militantes que los apoyan, por la ma\u00f1ana se registr\u00f3 [&hellip;]<\/p>\n","protected":false},"author":1,"featured_media":112567,"comment_status":"open","ping_status":"open","sticky":true,"template":"","format":"standard","meta":{"footnotes":""},"categories":[6,3],"tags":[],"_links":{"self":[{"href":"https:\/\/diariodigitalmx.com\/index.php\/wp-json\/wp\/v2\/posts\/112565"}],"collection":[{"href":"https:\/\/diariodigitalmx.com\/index.php\/wp-json\/wp\/v2\/posts"}],"about":[{"href":"https:\/\/diariodigitalmx.com\/index.php\/wp-json\/wp\/v2\/types\/post"}],"author":[{"embeddable":true,"href":"https:\/\/diariodigitalmx.com\/index.php\/wp-json\/wp\/v2\/users\/1"}],"replies":[{"embeddable":true,"href":"https:\/\/diariodigitalmx.com\/index.php\/wp-json\/wp\/v2\/comments?post=112565"}],"version-history":[{"count":3,"href":"https:\/\/diariodigitalmx.com\/index.php\/wp-json\/wp\/v2\/posts\/112565\/revisions"}],"predecessor-version":[{"id":112572,"href":"https:\/\/diariodigitalmx.com\/index.php\/wp-json\/wp\/v2\/posts\/112565\/revisions\/112572"}],"wp:featuredmedia":[{"embeddable":true,"href":"https:\/\/diariodigitalmx.com\/index.php\/wp-json\/wp\/v2\/media\/112567"}],"wp:attachment":[{"href":"https:\/\/diariodigitalmx.com\/index.php\/wp-json\/wp\/v2\/media?parent=112565"}],"wp:term":[{"taxonomy":"category","embeddable":true,"href":"https:\/\/diariodigitalmx.com\/index.php\/wp-json\/wp\/v2\/categories?post=112565"},{"taxonomy":"post_tag","embeddable":true,"href":"https:\/\/diariodigitalmx.com\/index.php\/wp-json\/wp\/v2\/tags?post=112565"}],"curies":[{"name":"wp","href":"https:\/\/api.w.org\/{rel}","templated":true}]}}