{"id":1126,"date":"2019-03-13T15:42:04","date_gmt":"2019-03-13T21:42:04","guid":{"rendered":"http:\/\/diariodigitalmx.com\/?p=1126"},"modified":"2019-03-13T15:42:05","modified_gmt":"2019-03-13T21:42:05","slug":"privilegiar-a-los-que-menos-tienen-a-costa-de-estados-que-mas-aportan-lleva-a-recesion-pronostica-el-bronco-quien-critica-politica-de-pension-universal","status":"publish","type":"post","link":"https:\/\/diariodigitalmx.com\/index.php\/2019\/03\/13\/privilegiar-a-los-que-menos-tienen-a-costa-de-estados-que-mas-aportan-lleva-a-recesion-pronostica-el-bronco-quien-critica-politica-de-pension-universal\/","title":{"rendered":"Privilegiar a los que menos tienen a costa de Estados que m\u00e1s aportan lleva a recesi\u00f3n, pronostica El Bronco, quien cr\u00edtica pol\u00edtica de pensi\u00f3n universal"},"content":{"rendered":"\n<p> David Casas<\/p>\n\n\n\n<p><br>Cadereyta Jim\u00e9nez, N. L-\u00a0 El Bronco pron\u00f3stico una recesi\u00f3n por la pol\u00edtica gubernamental de privilegiar a las zonas con m\u00e1s necesidades del Pa\u00eds a costa de los estados que m\u00e1s aportan.<\/p>\n\n\n\n<p><br>Tambi\u00e9n se pronunci\u00f3 en contra de la pol\u00edtica de otorgar una pensi\u00f3n universal a los adultos mayores, \u201cpues no todos los necesitan\u201d.<\/p>\n\n\n\n<p><br>&#8220;Los Estados que sostienen al Pa\u00eds van a tener una recesi\u00f3n importante, porque los que trabajan m\u00e1s van a empezar decir: Pa qu\u00e9 trabajo tanto para sostener a aquellos que no trabajan o no quieren trabajar, el empleo est\u00e1 en todas partes, en la tierra, en los \u00e1rboles, en las plazas&#8221;.<\/p>\n\n\n\n<p><br>De acuerdo al Gobernador Jaime Rodr\u00edguez est\u00e1\u00a0 pol\u00edtica de privilegiar a las zonas con m\u00e1s necesidades del Pa\u00eds, mantiene el riesgo de\u00a0\u00a0una recesi\u00f3n en los Estados con m\u00e1s desarrollo.<\/p>\n\n\n\n<p><br>&#8220;Comete un grave error el Gobierno central al estar viendo el Pa\u00eds de esa manera&#8221;, recalc\u00f3, durante una gira por el municipio de Cadereyta Jim\u00e9nez.<br>Con respecto a los apoyos universales que otorga el Gobierno federal a adultos mayores y estudiantes, se mostr\u00f3 en contra de darlos as\u00ed porque\u00a0 no todos lo requieren, y tal vez existan algunos que necesitan m\u00e1s.<\/p>\n\n\n\n<p><br>&#8220;\u00bfA poco tu pap\u00e1 necesita los mil bolas?&#8221;, le dijo al\u00a0\u00a0Alcalde, Ernesto Quintanilla.<\/p>\n\n\n\n<p><br>&#8220;Si nosotros modificamos un poquito eso, redireccionamos los apoyos para que la gente pueda producir, entonces tendremos mayor empleo&#8221;, agreg\u00f3.<br>El gobernador de Nuevo Le\u00f3n ha sostenido una cr\u00edtica y una queja permanente contra la Federaci\u00f3n pues considera\u00a0 inequitativo el reparto de recursos, pues considera\u00a0 que los Estados que m\u00e1s aportan reciben menos.<br>Dice que muchos estados viven del trabajo\u00a0 de las entidades que m\u00e1s laboran y hacen m\u00e1s aportaciones. <\/p>\n","protected":false},"excerpt":{"rendered":"<p>David Casas Cadereyta Jim\u00e9nez, N. L-\u00a0 El Bronco pron\u00f3stico una recesi\u00f3n por la pol\u00edtica gubernamental de privilegiar a las zonas con m\u00e1s necesidades del Pa\u00eds a costa de los estados que m\u00e1s aportan. Tambi\u00e9n se pronunci\u00f3 en contra de la pol\u00edtica de otorgar una pensi\u00f3n universal a los adultos mayores, \u201cpues no todos los necesitan\u201d. [&hellip;]<\/p>\n","protected":false},"author":1,"featured_media":1127,"comment_status":"open","ping_status":"open","sticky":true,"template":"","format":"standard","meta":{"footnotes":""},"categories":[6],"tags":[],"_links":{"self":[{"href":"https:\/\/diariodigitalmx.com\/index.php\/wp-json\/wp\/v2\/posts\/1126"}],"collection":[{"href":"https:\/\/diariodigitalmx.com\/index.php\/wp-json\/wp\/v2\/posts"}],"about":[{"href":"https:\/\/diariodigitalmx.com\/index.php\/wp-json\/wp\/v2\/types\/post"}],"author":[{"embeddable":true,"href":"https:\/\/diariodigitalmx.com\/index.php\/wp-json\/wp\/v2\/users\/1"}],"replies":[{"embeddable":true,"href":"https:\/\/diariodigitalmx.com\/index.php\/wp-json\/wp\/v2\/comments?post=1126"}],"version-history":[{"count":1,"href":"https:\/\/diariodigitalmx.com\/index.php\/wp-json\/wp\/v2\/posts\/1126\/revisions"}],"predecessor-version":[{"id":1128,"href":"https:\/\/diariodigitalmx.com\/index.php\/wp-json\/wp\/v2\/posts\/1126\/revisions\/1128"}],"wp:featuredmedia":[{"embeddable":true,"href":"https:\/\/diariodigitalmx.com\/index.php\/wp-json\/wp\/v2\/media\/1127"}],"wp:attachment":[{"href":"https:\/\/diariodigitalmx.com\/index.php\/wp-json\/wp\/v2\/media?parent=1126"}],"wp:term":[{"taxonomy":"category","embeddable":true,"href":"https:\/\/diariodigitalmx.com\/index.php\/wp-json\/wp\/v2\/categories?post=1126"},{"taxonomy":"post_tag","embeddable":true,"href":"https:\/\/diariodigitalmx.com\/index.php\/wp-json\/wp\/v2\/tags?post=1126"}],"curies":[{"name":"wp","href":"https:\/\/api.w.org\/{rel}","templated":true}]}}