{"id":112644,"date":"2024-01-18T20:47:51","date_gmt":"2024-01-19T02:47:51","guid":{"rendered":"http:\/\/diariodigitalmx.com\/?p=112644"},"modified":"2024-01-18T20:51:30","modified_gmt":"2024-01-19T02:51:30","slug":"cierra-alvarez-maynez-en-monterrey-y-dice-que-refineria-de-pemex-cadereyta-tiene-sus-dias-contados","status":"publish","type":"post","link":"https:\/\/diariodigitalmx.com\/index.php\/2024\/01\/18\/cierra-alvarez-maynez-en-monterrey-y-dice-que-refineria-de-pemex-cadereyta-tiene-sus-dias-contados\/","title":{"rendered":"Cierra \u00c1lvarez M\u00e1ynez en Monterrey y dice que refiner\u00eda de Pemex Cadereyta tiene sus d\u00edas contados"},"content":{"rendered":"\n<p><br>Monterrey . &#8211; Jorge \u00c1lvarez M\u00e1ynez prometi\u00f3 aqu\u00ed que en tres meses dar\u00e1 vuelta a la contienda presidencial y que sacar\u00e1 a la vieja pol\u00edtica para un M\u00e9xico con justicia.<br>Durante el cierre de su campa\u00f1a el precandidato presidencial de Movimiento Ciudadano dijo que la vieja pol\u00edtica no conoce a las nuevas generaciones, las que, no se van a conformar con el M\u00e9xico de hoy, ni tampoco aceptar\u00e1 que regresemos al M\u00e9xico del pasado de los pol\u00edticos que nos fallaron.<br>&#8221; Un mexico con justicia, ya basta que las mujeres y los hijos no puedan salir m\u00e1s que con miedo por la inseguridad. Basta ya de este infierno &#8220;, dijo.<\/p>\n\n\n\n<figure class=\"wp-block-image size-full\"><img loading=\"lazy\" decoding=\"async\" width=\"750\" height=\"420\" src=\"http:\/\/diariodigitalmx.com\/wp-content\/uploads\/2024\/01\/IMG-20240118-WA0220.jpg\" alt=\"\" class=\"wp-image-112650\" srcset=\"https:\/\/diariodigitalmx.com\/wp-content\/uploads\/2024\/01\/IMG-20240118-WA0220.jpg 750w, https:\/\/diariodigitalmx.com\/wp-content\/uploads\/2024\/01\/IMG-20240118-WA0220-300x168.jpg 300w\" sizes=\"(max-width: 750px) 100vw, 750px\" \/><\/figure>\n\n\n\n<p>Reunidos en una plaza a espaldas del palacio de gobierno estatal, con la presencia de Dante Delgado, de Mariana Rodr\u00edguez precandidata a la alcald\u00eda de Monterrey y el gobernador Samuel Garc\u00eda quien estuvo abajo y no el presidium, \u00c1lvarez M\u00e1ynez se\u00f1al\u00f3 que M\u00e9xico merece ser un pa\u00eds con justicia y &#8220;cueste lo que cueste le vamos a quitar al pa\u00eds de las manos de los delincuentes. En M\u00e9xico no habr\u00e1 derecho de piso y no vamos a normalizar haya mujeres desaparecidas, los gobiernos las vamos a localizarla y a los delincuentes los haremos que sientan el infierno en vida&#8221;.<br>Alab\u00f3 a Nuevo Le\u00f3n y Jalisco, su crecimiento y empleo, y dijo que as\u00ed ser\u00e1 el pa\u00eds con prosperidad.<br>Me resigno a vivir en un M\u00e9xico donde nuestros hijos respiren veneno. La Refineria de Cadereyta tiene los d\u00edas contados, nuestros hijos no deben respirar veneno, merecen tqmbi\u00e9n agua y M\u00e9xico la tendra.<br>LLam\u00f3 misrables de la vieja pol\u00edtica a los opositores y alab\u00f3 a Mariana Rodr\u00edguez a quien calific\u00f3 como la figura pol\u00edtica m\u00e1s destacada de la nueva generaci\u00f3n, la pr\u00f3xima alcaldesa de Monterrey.<br>Luego fustig\u00f3 a las dirigencias del PAN y del PRI y asegur\u00f3 que en tres meses de campa\u00f1a dara vuelta a la contienda presidencial.<br>Mariana Rodr\u00edguez habl\u00f3 y dijo que es un reto la alcald\u00eda de Monterrey y a\u00f1adi\u00f3 que van por la vieja pol\u00edtica que ya tuvo su oportunidad.<br>Por lo menos 40 autobuses fueron estacionados en los alrededores en los que llevaron a sus simpatizantes.<\/p>\n\n\n\n<figure class=\"wp-block-image size-large\"><img loading=\"lazy\" decoding=\"async\" width=\"1024\" height=\"767\" src=\"http:\/\/diariodigitalmx.com\/wp-content\/uploads\/2024\/01\/IMG_20240118_194251_349-1024x767.webp\" alt=\"\" class=\"wp-image-112653\" srcset=\"https:\/\/diariodigitalmx.com\/wp-content\/uploads\/2024\/01\/IMG_20240118_194251_349-1024x767.webp 1024w, https:\/\/diariodigitalmx.com\/wp-content\/uploads\/2024\/01\/IMG_20240118_194251_349-300x225.webp 300w, https:\/\/diariodigitalmx.com\/wp-content\/uploads\/2024\/01\/IMG_20240118_194251_349-768x575.webp 768w, https:\/\/diariodigitalmx.com\/wp-content\/uploads\/2024\/01\/IMG_20240118_194251_349.webp 1080w\" sizes=\"(max-width: 1024px) 100vw, 1024px\" \/><\/figure>\n","protected":false},"excerpt":{"rendered":"<p>Monterrey . &#8211; Jorge \u00c1lvarez M\u00e1ynez prometi\u00f3 aqu\u00ed que en tres meses dar\u00e1 vuelta a la contienda presidencial y que sacar\u00e1 a la vieja pol\u00edtica para un M\u00e9xico con justicia.Durante el cierre de su campa\u00f1a el precandidato presidencial de Movimiento Ciudadano dijo que la vieja pol\u00edtica no conoce a las nuevas generaciones, las que, no [&hellip;]<\/p>\n","protected":false},"author":1,"featured_media":112646,"comment_status":"open","ping_status":"open","sticky":true,"template":"","format":"standard","meta":{"footnotes":""},"categories":[6,3],"tags":[],"_links":{"self":[{"href":"https:\/\/diariodigitalmx.com\/index.php\/wp-json\/wp\/v2\/posts\/112644"}],"collection":[{"href":"https:\/\/diariodigitalmx.com\/index.php\/wp-json\/wp\/v2\/posts"}],"about":[{"href":"https:\/\/diariodigitalmx.com\/index.php\/wp-json\/wp\/v2\/types\/post"}],"author":[{"embeddable":true,"href":"https:\/\/diariodigitalmx.com\/index.php\/wp-json\/wp\/v2\/users\/1"}],"replies":[{"embeddable":true,"href":"https:\/\/diariodigitalmx.com\/index.php\/wp-json\/wp\/v2\/comments?post=112644"}],"version-history":[{"count":5,"href":"https:\/\/diariodigitalmx.com\/index.php\/wp-json\/wp\/v2\/posts\/112644\/revisions"}],"predecessor-version":[{"id":112654,"href":"https:\/\/diariodigitalmx.com\/index.php\/wp-json\/wp\/v2\/posts\/112644\/revisions\/112654"}],"wp:featuredmedia":[{"embeddable":true,"href":"https:\/\/diariodigitalmx.com\/index.php\/wp-json\/wp\/v2\/media\/112646"}],"wp:attachment":[{"href":"https:\/\/diariodigitalmx.com\/index.php\/wp-json\/wp\/v2\/media?parent=112644"}],"wp:term":[{"taxonomy":"category","embeddable":true,"href":"https:\/\/diariodigitalmx.com\/index.php\/wp-json\/wp\/v2\/categories?post=112644"},{"taxonomy":"post_tag","embeddable":true,"href":"https:\/\/diariodigitalmx.com\/index.php\/wp-json\/wp\/v2\/tags?post=112644"}],"curies":[{"name":"wp","href":"https:\/\/api.w.org\/{rel}","templated":true}]}}